{"id":9706,"date":"2018-03-26T19:13:43","date_gmt":"2018-03-26T17:13:43","guid":{"rendered":"http:\/\/www.ginobaudino.it\/abbigliamento\/?p=9706"},"modified":"2025-10-18T16:06:36","modified_gmt":"2025-10-18T14:06:36","slug":"m12-il-ritorno-della-polo-fred-perry-con-riga-doppia","status":"publish","type":"post","link":"https:\/\/www.ginobaudino.it\/abbigliamento\/m12-il-ritorno-della-polo-fred-perry-con-riga-doppia\/","title":{"rendered":"M12: il ritorno della polo Fred Perry con riga doppia"},"content":{"rendered":"<h3 style=\"text-align: center;\"><\/h3>\n<p>M12: il ritorno della polo Fred Perry con riga doppia.<\/p>\n<p>La M12 \u00e8\u00a0 la nuova\u00a0 polo originale Fred Perry, ovviamente made in England da pi\u00f9 di 60 anni, che la Gino Baudino ripropone per la nuova stagione.\u00a0 Rappresenta un capo che ha segnato la transizione dallo sportswear allo streetwear e, come tale, iconico dalla sua nascita. La chiusura \u00e8\u00a0 la tipica Fred perry a due bottoni;\u00a0 polsini e collo hanno la doppia riga, nel rispetto della tradizione della casa. I colori della nuova collezione ripropongono le tonalit\u00e0 volutamente retr\u00f2 degli antichi cataloghi, con taglio attuale non slim. Il materiale \u00e8 100%<a href=\"http:\/\/www.messori.it\/it-ww\/cosa-significa-tessuto-piquet.aspx\" target=\"_blank\" rel=\"noopener noreferrer\"> piqu\u00e8 di cotone,\u00a0<\/a> lavabile in lavatrice. Disponibilit\u00e0 limitata.<\/p>\n<p><img loading=\"lazy\" decoding=\"async\" class=\"aligncenter size-full wp-image-11545\" src=\"https:\/\/www.ginobaudino.it\/abbigliamento\/wp-content\/uploads\/2019\/06\/Fred-Perry-polo.jpg\" alt=\"\" width=\"960\" height=\"960\" srcset=\"https:\/\/www.ginobaudino.it\/abbigliamento\/wp-content\/uploads\/2019\/06\/Fred-Perry-polo.jpg 960w, https:\/\/www.ginobaudino.it\/abbigliamento\/wp-content\/uploads\/2019\/06\/Fred-Perry-polo-150x150.jpg 150w, https:\/\/www.ginobaudino.it\/abbigliamento\/wp-content\/uploads\/2019\/06\/Fred-Perry-polo-300x300.jpg 300w, https:\/\/www.ginobaudino.it\/abbigliamento\/wp-content\/uploads\/2019\/06\/Fred-Perry-polo-768x768.jpg 768w, https:\/\/www.ginobaudino.it\/abbigliamento\/wp-content\/uploads\/2019\/06\/Fred-Perry-polo-200x200.jpg 200w, https:\/\/www.ginobaudino.it\/abbigliamento\/wp-content\/uploads\/2019\/06\/Fred-Perry-polo-700x700.jpg 700w, https:\/\/www.ginobaudino.it\/abbigliamento\/wp-content\/uploads\/2019\/06\/Fred-Perry-polo-100x100.jpg 100w\" sizes=\"auto, (max-width: 960px) 100vw, 960px\" \/><\/p>\n","protected":false},"excerpt":{"rendered":"<p>M12: il ritorno della polo Fred Perry con riga doppia. La M12 \u00e8\u00a0 la nuova\u00a0 polo originale Fred Perry, ovviamente made in England da pi\u00f9 di 60 anni, che la Gino Baudino ripropone per la nuova stagione.\u00a0 Rappresenta un capo che ha segnato la transizione dallo sportswear allo streetwear e, come tale, iconico dalla sua [&hellip;]<\/p>\n","protected":false},"author":2,"featured_media":14877,"comment_status":"closed","ping_status":"open","sticky":false,"template":"","format":"standard","meta":{"footnotes":""},"categories":[60,600,606],"tags":[1497,1496,1150,1498],"class_list":["post-9706","post","type-post","status-publish","format-standard","has-post-thumbnail","hentry","category-abbigliamento-uomo","category-fred-perry","category-fred-perry-uomo","tag-fred-perry-originali-a-torino","tag-m12-a-torino-da-gino-baudino","tag-negozi-fred-perry-originale-torino","tag-polo-fred-perry-a-torino"],"yoast_head":"<!-- This site is optimized with the Yoast SEO plugin v27.4 - https:\/\/yoast.com\/product\/yoast-seo-wordpress\/ -->\n<title>M12: la nuova Polo Fred Perry originale da Gino Baudino<\/title>\n<meta name=\"description\" content=\"M12: la nuova Polo Fred Perry originale da Gino Baudino a Torino. Made in England.Doppio bottone e polsi e collo con doppia riga.\" \/>\n<meta name=\"robots\" content=\"index, follow, max-snippet:-1, max-image-preview:large, max-video-preview:-1\" \/>\n<link rel=\"canonical\" href=\"https:\/\/www.ginobaudino.it\/abbigliamento\/m12-il-ritorno-della-polo-fred-perry-con-riga-doppia\/\" \/>\n<meta property=\"og:locale\" content=\"it_IT\" \/>\n<meta property=\"og:type\" content=\"article\" \/>\n<meta property=\"og:title\" content=\"M12: la nuova Polo Fred Perry originale da Gino Baudino\" \/>\n<meta property=\"og:description\" content=\"M12: la nuova Polo Fred Perry originale da Gino Baudino a Torino. Made in England.Doppio bottone e polsi e collo con doppia riga.\" \/>\n<meta property=\"og:url\" content=\"https:\/\/www.ginobaudino.it\/abbigliamento\/m12-il-ritorno-della-polo-fred-perry-con-riga-doppia\/\" \/>\n<meta property=\"og:site_name\" content=\"Abbigliamento Torino\" \/>\n<meta property=\"article:published_time\" content=\"2018-03-26T17:13:43+00:00\" \/>\n<meta property=\"article:modified_time\" content=\"2025-10-18T14:06:36+00:00\" \/>\n<meta property=\"og:image\" content=\"https:\/\/www.ginobaudino.it\/abbigliamento\/wp-content\/uploads\/2018\/03\/fred-perry.jpg\" \/>\n\t<meta property=\"og:image:width\" content=\"980\" \/>\n\t<meta property=\"og:image:height\" content=\"684\" \/>\n\t<meta property=\"og:image:type\" content=\"image\/jpeg\" \/>\n<meta name=\"author\" content=\"baudino\" \/>\n<meta name=\"twitter:card\" content=\"summary_large_image\" \/>\n<meta name=\"twitter:label1\" content=\"Scritto da\" \/>\n\t<meta name=\"twitter:data1\" content=\"baudino\" \/>\n\t<meta name=\"twitter:label2\" content=\"Tempo di lettura stimato\" \/>\n\t<meta name=\"twitter:data2\" content=\"1 minuto\" \/>\n<script type=\"application\/ld+json\" class=\"yoast-schema-graph\">{\"@context\":\"https:\\\/\\\/schema.org\",\"@graph\":[{\"@type\":\"Article\",\"@id\":\"https:\\\/\\\/www.ginobaudino.it\\\/abbigliamento\\\/m12-il-ritorno-della-polo-fred-perry-con-riga-doppia\\\/#article\",\"isPartOf\":{\"@id\":\"https:\\\/\\\/www.ginobaudino.it\\\/abbigliamento\\\/m12-il-ritorno-della-polo-fred-perry-con-riga-doppia\\\/\"},\"author\":{\"name\":\"baudino\",\"@id\":\"https:\\\/\\\/www.ginobaudino.it\\\/abbigliamento\\\/#\\\/schema\\\/person\\\/3bd3dd4899869bd1079b397be8b23749\"},\"headline\":\"M12: il ritorno della polo Fred Perry con riga doppia\",\"datePublished\":\"2018-03-26T17:13:43+00:00\",\"dateModified\":\"2025-10-18T14:06:36+00:00\",\"mainEntityOfPage\":{\"@id\":\"https:\\\/\\\/www.ginobaudino.it\\\/abbigliamento\\\/m12-il-ritorno-della-polo-fred-perry-con-riga-doppia\\\/\"},\"wordCount\":114,\"image\":{\"@id\":\"https:\\\/\\\/www.ginobaudino.it\\\/abbigliamento\\\/m12-il-ritorno-della-polo-fred-perry-con-riga-doppia\\\/#primaryimage\"},\"thumbnailUrl\":\"https:\\\/\\\/www.ginobaudino.it\\\/abbigliamento\\\/wp-content\\\/uploads\\\/2018\\\/03\\\/fred-perry.jpg\",\"keywords\":[\"Fred Perry originali a Torino\",\"M12 a Torino da Gino Baudino\",\"negozi fred perry originale torino\",\"polo fred perry a torino\"],\"articleSection\":[\"abbigliamento uomo\",\"Fred Perry\",\"Fred Perry uomo\"],\"inLanguage\":\"it-IT\"},{\"@type\":\"WebPage\",\"@id\":\"https:\\\/\\\/www.ginobaudino.it\\\/abbigliamento\\\/m12-il-ritorno-della-polo-fred-perry-con-riga-doppia\\\/\",\"url\":\"https:\\\/\\\/www.ginobaudino.it\\\/abbigliamento\\\/m12-il-ritorno-della-polo-fred-perry-con-riga-doppia\\\/\",\"name\":\"M12: la nuova Polo Fred Perry originale da Gino Baudino\",\"isPartOf\":{\"@id\":\"https:\\\/\\\/www.ginobaudino.it\\\/abbigliamento\\\/#website\"},\"primaryImageOfPage\":{\"@id\":\"https:\\\/\\\/www.ginobaudino.it\\\/abbigliamento\\\/m12-il-ritorno-della-polo-fred-perry-con-riga-doppia\\\/#primaryimage\"},\"image\":{\"@id\":\"https:\\\/\\\/www.ginobaudino.it\\\/abbigliamento\\\/m12-il-ritorno-della-polo-fred-perry-con-riga-doppia\\\/#primaryimage\"},\"thumbnailUrl\":\"https:\\\/\\\/www.ginobaudino.it\\\/abbigliamento\\\/wp-content\\\/uploads\\\/2018\\\/03\\\/fred-perry.jpg\",\"datePublished\":\"2018-03-26T17:13:43+00:00\",\"dateModified\":\"2025-10-18T14:06:36+00:00\",\"author\":{\"@id\":\"https:\\\/\\\/www.ginobaudino.it\\\/abbigliamento\\\/#\\\/schema\\\/person\\\/3bd3dd4899869bd1079b397be8b23749\"},\"description\":\"M12: la nuova Polo Fred Perry originale da Gino Baudino a Torino. Made in England.Doppio bottone e polsi e collo con doppia riga.\",\"breadcrumb\":{\"@id\":\"https:\\\/\\\/www.ginobaudino.it\\\/abbigliamento\\\/m12-il-ritorno-della-polo-fred-perry-con-riga-doppia\\\/#breadcrumb\"},\"inLanguage\":\"it-IT\",\"potentialAction\":[{\"@type\":\"ReadAction\",\"target\":[\"https:\\\/\\\/www.ginobaudino.it\\\/abbigliamento\\\/m12-il-ritorno-della-polo-fred-perry-con-riga-doppia\\\/\"]}]},{\"@type\":\"ImageObject\",\"inLanguage\":\"it-IT\",\"@id\":\"https:\\\/\\\/www.ginobaudino.it\\\/abbigliamento\\\/m12-il-ritorno-della-polo-fred-perry-con-riga-doppia\\\/#primaryimage\",\"url\":\"https:\\\/\\\/www.ginobaudino.it\\\/abbigliamento\\\/wp-content\\\/uploads\\\/2018\\\/03\\\/fred-perry.jpg\",\"contentUrl\":\"https:\\\/\\\/www.ginobaudino.it\\\/abbigliamento\\\/wp-content\\\/uploads\\\/2018\\\/03\\\/fred-perry.jpg\",\"width\":980,\"height\":684},{\"@type\":\"BreadcrumbList\",\"@id\":\"https:\\\/\\\/www.ginobaudino.it\\\/abbigliamento\\\/m12-il-ritorno-della-polo-fred-perry-con-riga-doppia\\\/#breadcrumb\",\"itemListElement\":[{\"@type\":\"ListItem\",\"position\":1,\"name\":\"Home\",\"item\":\"https:\\\/\\\/www.ginobaudino.it\\\/abbigliamento\\\/\"},{\"@type\":\"ListItem\",\"position\":2,\"name\":\"M12: il ritorno della polo Fred Perry con riga doppia\"}]},{\"@type\":\"WebSite\",\"@id\":\"https:\\\/\\\/www.ginobaudino.it\\\/abbigliamento\\\/#website\",\"url\":\"https:\\\/\\\/www.ginobaudino.it\\\/abbigliamento\\\/\",\"name\":\"Abbigliamento Torino\",\"description\":\"Abbigliamento uomo, donna e accessori\",\"potentialAction\":[{\"@type\":\"SearchAction\",\"target\":{\"@type\":\"EntryPoint\",\"urlTemplate\":\"https:\\\/\\\/www.ginobaudino.it\\\/abbigliamento\\\/?s={search_term_string}\"},\"query-input\":{\"@type\":\"PropertyValueSpecification\",\"valueRequired\":true,\"valueName\":\"search_term_string\"}}],\"inLanguage\":\"it-IT\"},{\"@type\":\"Person\",\"@id\":\"https:\\\/\\\/www.ginobaudino.it\\\/abbigliamento\\\/#\\\/schema\\\/person\\\/3bd3dd4899869bd1079b397be8b23749\",\"name\":\"baudino\",\"url\":\"https:\\\/\\\/www.ginobaudino.it\\\/abbigliamento\\\/author\\\/baudino\\\/\"}]}<\/script>\n<!-- \/ Yoast SEO plugin. -->","yoast_head_json":{"title":"M12: la nuova Polo Fred Perry originale da Gino Baudino","description":"M12: la nuova Polo Fred Perry originale da Gino Baudino a Torino. Made in England.Doppio bottone e polsi e collo con doppia riga.","robots":{"index":"index","follow":"follow","max-snippet":"max-snippet:-1","max-image-preview":"max-image-preview:large","max-video-preview":"max-video-preview:-1"},"canonical":"https:\/\/www.ginobaudino.it\/abbigliamento\/m12-il-ritorno-della-polo-fred-perry-con-riga-doppia\/","og_locale":"it_IT","og_type":"article","og_title":"M12: la nuova Polo Fred Perry originale da Gino Baudino","og_description":"M12: la nuova Polo Fred Perry originale da Gino Baudino a Torino. Made in England.Doppio bottone e polsi e collo con doppia riga.","og_url":"https:\/\/www.ginobaudino.it\/abbigliamento\/m12-il-ritorno-della-polo-fred-perry-con-riga-doppia\/","og_site_name":"Abbigliamento Torino","article_published_time":"2018-03-26T17:13:43+00:00","article_modified_time":"2025-10-18T14:06:36+00:00","og_image":[{"width":980,"height":684,"url":"https:\/\/www.ginobaudino.it\/abbigliamento\/wp-content\/uploads\/2018\/03\/fred-perry.jpg","type":"image\/jpeg"}],"author":"baudino","twitter_card":"summary_large_image","twitter_misc":{"Scritto da":"baudino","Tempo di lettura stimato":"1 minuto"},"schema":{"@context":"https:\/\/schema.org","@graph":[{"@type":"Article","@id":"https:\/\/www.ginobaudino.it\/abbigliamento\/m12-il-ritorno-della-polo-fred-perry-con-riga-doppia\/#article","isPartOf":{"@id":"https:\/\/www.ginobaudino.it\/abbigliamento\/m12-il-ritorno-della-polo-fred-perry-con-riga-doppia\/"},"author":{"name":"baudino","@id":"https:\/\/www.ginobaudino.it\/abbigliamento\/#\/schema\/person\/3bd3dd4899869bd1079b397be8b23749"},"headline":"M12: il ritorno della polo Fred Perry con riga doppia","datePublished":"2018-03-26T17:13:43+00:00","dateModified":"2025-10-18T14:06:36+00:00","mainEntityOfPage":{"@id":"https:\/\/www.ginobaudino.it\/abbigliamento\/m12-il-ritorno-della-polo-fred-perry-con-riga-doppia\/"},"wordCount":114,"image":{"@id":"https:\/\/www.ginobaudino.it\/abbigliamento\/m12-il-ritorno-della-polo-fred-perry-con-riga-doppia\/#primaryimage"},"thumbnailUrl":"https:\/\/www.ginobaudino.it\/abbigliamento\/wp-content\/uploads\/2018\/03\/fred-perry.jpg","keywords":["Fred Perry originali a Torino","M12 a Torino da Gino Baudino","negozi fred perry originale torino","polo fred perry a torino"],"articleSection":["abbigliamento uomo","Fred Perry","Fred Perry uomo"],"inLanguage":"it-IT"},{"@type":"WebPage","@id":"https:\/\/www.ginobaudino.it\/abbigliamento\/m12-il-ritorno-della-polo-fred-perry-con-riga-doppia\/","url":"https:\/\/www.ginobaudino.it\/abbigliamento\/m12-il-ritorno-della-polo-fred-perry-con-riga-doppia\/","name":"M12: la nuova Polo Fred Perry originale da Gino Baudino","isPartOf":{"@id":"https:\/\/www.ginobaudino.it\/abbigliamento\/#website"},"primaryImageOfPage":{"@id":"https:\/\/www.ginobaudino.it\/abbigliamento\/m12-il-ritorno-della-polo-fred-perry-con-riga-doppia\/#primaryimage"},"image":{"@id":"https:\/\/www.ginobaudino.it\/abbigliamento\/m12-il-ritorno-della-polo-fred-perry-con-riga-doppia\/#primaryimage"},"thumbnailUrl":"https:\/\/www.ginobaudino.it\/abbigliamento\/wp-content\/uploads\/2018\/03\/fred-perry.jpg","datePublished":"2018-03-26T17:13:43+00:00","dateModified":"2025-10-18T14:06:36+00:00","author":{"@id":"https:\/\/www.ginobaudino.it\/abbigliamento\/#\/schema\/person\/3bd3dd4899869bd1079b397be8b23749"},"description":"M12: la nuova Polo Fred Perry originale da Gino Baudino a Torino. Made in England.Doppio bottone e polsi e collo con doppia riga.","breadcrumb":{"@id":"https:\/\/www.ginobaudino.it\/abbigliamento\/m12-il-ritorno-della-polo-fred-perry-con-riga-doppia\/#breadcrumb"},"inLanguage":"it-IT","potentialAction":[{"@type":"ReadAction","target":["https:\/\/www.ginobaudino.it\/abbigliamento\/m12-il-ritorno-della-polo-fred-perry-con-riga-doppia\/"]}]},{"@type":"ImageObject","inLanguage":"it-IT","@id":"https:\/\/www.ginobaudino.it\/abbigliamento\/m12-il-ritorno-della-polo-fred-perry-con-riga-doppia\/#primaryimage","url":"https:\/\/www.ginobaudino.it\/abbigliamento\/wp-content\/uploads\/2018\/03\/fred-perry.jpg","contentUrl":"https:\/\/www.ginobaudino.it\/abbigliamento\/wp-content\/uploads\/2018\/03\/fred-perry.jpg","width":980,"height":684},{"@type":"BreadcrumbList","@id":"https:\/\/www.ginobaudino.it\/abbigliamento\/m12-il-ritorno-della-polo-fred-perry-con-riga-doppia\/#breadcrumb","itemListElement":[{"@type":"ListItem","position":1,"name":"Home","item":"https:\/\/www.ginobaudino.it\/abbigliamento\/"},{"@type":"ListItem","position":2,"name":"M12: il ritorno della polo Fred Perry con riga doppia"}]},{"@type":"WebSite","@id":"https:\/\/www.ginobaudino.it\/abbigliamento\/#website","url":"https:\/\/www.ginobaudino.it\/abbigliamento\/","name":"Abbigliamento Torino","description":"Abbigliamento uomo, donna e accessori","potentialAction":[{"@type":"SearchAction","target":{"@type":"EntryPoint","urlTemplate":"https:\/\/www.ginobaudino.it\/abbigliamento\/?s={search_term_string}"},"query-input":{"@type":"PropertyValueSpecification","valueRequired":true,"valueName":"search_term_string"}}],"inLanguage":"it-IT"},{"@type":"Person","@id":"https:\/\/www.ginobaudino.it\/abbigliamento\/#\/schema\/person\/3bd3dd4899869bd1079b397be8b23749","name":"baudino","url":"https:\/\/www.ginobaudino.it\/abbigliamento\/author\/baudino\/"}]}},"_links":{"self":[{"href":"https:\/\/www.ginobaudino.it\/abbigliamento\/wp-json\/wp\/v2\/posts\/9706","targetHints":{"allow":["GET"]}}],"collection":[{"href":"https:\/\/www.ginobaudino.it\/abbigliamento\/wp-json\/wp\/v2\/posts"}],"about":[{"href":"https:\/\/www.ginobaudino.it\/abbigliamento\/wp-json\/wp\/v2\/types\/post"}],"author":[{"embeddable":true,"href":"https:\/\/www.ginobaudino.it\/abbigliamento\/wp-json\/wp\/v2\/users\/2"}],"replies":[{"embeddable":true,"href":"https:\/\/www.ginobaudino.it\/abbigliamento\/wp-json\/wp\/v2\/comments?post=9706"}],"version-history":[{"count":21,"href":"https:\/\/www.ginobaudino.it\/abbigliamento\/wp-json\/wp\/v2\/posts\/9706\/revisions"}],"predecessor-version":[{"id":16939,"href":"https:\/\/www.ginobaudino.it\/abbigliamento\/wp-json\/wp\/v2\/posts\/9706\/revisions\/16939"}],"wp:featuredmedia":[{"embeddable":true,"href":"https:\/\/www.ginobaudino.it\/abbigliamento\/wp-json\/wp\/v2\/media\/14877"}],"wp:attachment":[{"href":"https:\/\/www.ginobaudino.it\/abbigliamento\/wp-json\/wp\/v2\/media?parent=9706"}],"wp:term":[{"taxonomy":"category","embeddable":true,"href":"https:\/\/www.ginobaudino.it\/abbigliamento\/wp-json\/wp\/v2\/categories?post=9706"},{"taxonomy":"post_tag","embeddable":true,"href":"https:\/\/www.ginobaudino.it\/abbigliamento\/wp-json\/wp\/v2\/tags?post=9706"}],"curies":[{"name":"wp","href":"https:\/\/api.w.org\/{rel}","templated":true}]}}