{"id":16673,"date":"2025-07-05T16:34:49","date_gmt":"2025-07-05T14:34:49","guid":{"rendered":"https:\/\/www.ginobaudino.it\/abbigliamento\/?p=16673"},"modified":"2025-10-16T12:10:13","modified_gmt":"2025-10-16T10:10:13","slug":"collezione-marella-a-torino-da-gino-baudino","status":"publish","type":"post","link":"https:\/\/www.ginobaudino.it\/abbigliamento\/collezione-marella-a-torino-da-gino-baudino\/","title":{"rendered":"Collezione Marella a Torino da Gino Baudino"},"content":{"rendered":"<p>Collezione Marella a Torino da Gino Baudino. Una new entry nel panorama delle proposte femminili da Gino Baudino, storico negozio nello storico ed elegante quartiere della Crocetta. Bandite le linee volgari, come da tradizione di questo elegante brand, la confezione su tutti i prodotti <a href=\"https:\/\/www.lociceroabbigliamento.it\/articolo\/storia-delbrand-marella\/\">Marella<\/a> \u00e8 di assoluta attenzione e qualit\u00e0. Il pantalone ha preso sembianze pi\u00f9 ampie, le giacche sono leggermente over. I tessuti, lo confermiamo anche noi che <a href=\"https:\/\/www.ginobaudino.it\/abbigliamento\/pages\/chi-siamo\/\">siamo sul mercato tessile<\/a> da settantanni, assai validi. Ti aspettiamo per farti provare le novit\u00e0 in fatto di tailleur soprabiti cappottini e molto altro. In via Pigafetta 49\/B , zona Crocetta, ci sono sette vetrine ad attenderti.<\/p>\n<p><img loading=\"lazy\" decoding=\"async\" class=\"aligncenter size-large wp-image-16674\" src=\"https:\/\/www.ginobaudino.it\/abbigliamento\/wp-content\/uploads\/2025\/07\/3011035102001-b-alibi_normal-781x1024.webp\" alt=\"\" width=\"781\" height=\"1024\" srcset=\"https:\/\/www.ginobaudino.it\/abbigliamento\/wp-content\/uploads\/2025\/07\/3011035102001-b-alibi_normal-781x1024.webp 781w, https:\/\/www.ginobaudino.it\/abbigliamento\/wp-content\/uploads\/2025\/07\/3011035102001-b-alibi_normal-229x300.webp 229w, https:\/\/www.ginobaudino.it\/abbigliamento\/wp-content\/uploads\/2025\/07\/3011035102001-b-alibi_normal-768x1007.webp 768w, https:\/\/www.ginobaudino.it\/abbigliamento\/wp-content\/uploads\/2025\/07\/3011035102001-b-alibi_normal-1171x1536.webp 1171w, https:\/\/www.ginobaudino.it\/abbigliamento\/wp-content\/uploads\/2025\/07\/3011035102001-b-alibi_normal-700x918.webp 700w, https:\/\/www.ginobaudino.it\/abbigliamento\/wp-content\/uploads\/2025\/07\/3011035102001-b-alibi_normal.webp 1220w\" sizes=\"auto, (max-width: 781px) 100vw, 781px\" \/><\/p>\n<p><img loading=\"lazy\" decoding=\"async\" class=\"aligncenter size-large wp-image-16675\" src=\"https:\/\/www.ginobaudino.it\/abbigliamento\/wp-content\/uploads\/2025\/07\/3021025102006-b-roseto_normal-781x1024.webp\" alt=\"\" width=\"781\" height=\"1024\" srcset=\"https:\/\/www.ginobaudino.it\/abbigliamento\/wp-content\/uploads\/2025\/07\/3021025102006-b-roseto_normal-781x1024.webp 781w, https:\/\/www.ginobaudino.it\/abbigliamento\/wp-content\/uploads\/2025\/07\/3021025102006-b-roseto_normal-229x300.webp 229w, https:\/\/www.ginobaudino.it\/abbigliamento\/wp-content\/uploads\/2025\/07\/3021025102006-b-roseto_normal-768x1007.webp 768w, https:\/\/www.ginobaudino.it\/abbigliamento\/wp-content\/uploads\/2025\/07\/3021025102006-b-roseto_normal-1171x1536.webp 1171w, https:\/\/www.ginobaudino.it\/abbigliamento\/wp-content\/uploads\/2025\/07\/3021025102006-b-roseto_normal-700x918.webp 700w, https:\/\/www.ginobaudino.it\/abbigliamento\/wp-content\/uploads\/2025\/07\/3021025102006-b-roseto_normal.webp 1220w\" sizes=\"auto, (max-width: 781px) 100vw, 781px\" \/><\/p>\n<p><img loading=\"lazy\" decoding=\"async\" class=\"aligncenter size-large wp-image-16676\" src=\"https:\/\/www.ginobaudino.it\/abbigliamento\/wp-content\/uploads\/2025\/07\/3041195102005-b-hieros_normal-781x1024.webp\" alt=\"\" width=\"781\" height=\"1024\" srcset=\"https:\/\/www.ginobaudino.it\/abbigliamento\/wp-content\/uploads\/2025\/07\/3041195102005-b-hieros_normal-781x1024.webp 781w, https:\/\/www.ginobaudino.it\/abbigliamento\/wp-content\/uploads\/2025\/07\/3041195102005-b-hieros_normal-229x300.webp 229w, https:\/\/www.ginobaudino.it\/abbigliamento\/wp-content\/uploads\/2025\/07\/3041195102005-b-hieros_normal-768x1007.webp 768w, https:\/\/www.ginobaudino.it\/abbigliamento\/wp-content\/uploads\/2025\/07\/3041195102005-b-hieros_normal-1171x1536.webp 1171w, https:\/\/www.ginobaudino.it\/abbigliamento\/wp-content\/uploads\/2025\/07\/3041195102005-b-hieros_normal-700x918.webp 700w, https:\/\/www.ginobaudino.it\/abbigliamento\/wp-content\/uploads\/2025\/07\/3041195102005-b-hieros_normal.webp 1220w\" sizes=\"auto, (max-width: 781px) 100vw, 781px\" \/><img loading=\"lazy\" decoding=\"async\" class=\"aligncenter size-large wp-image-16677\" src=\"https:\/\/www.ginobaudino.it\/abbigliamento\/wp-content\/uploads\/2025\/07\/3126015102002-b-soledad_normal-781x1024.webp\" alt=\"\" width=\"781\" height=\"1024\" srcset=\"https:\/\/www.ginobaudino.it\/abbigliamento\/wp-content\/uploads\/2025\/07\/3126015102002-b-soledad_normal-781x1024.webp 781w, https:\/\/www.ginobaudino.it\/abbigliamento\/wp-content\/uploads\/2025\/07\/3126015102002-b-soledad_normal-229x300.webp 229w, https:\/\/www.ginobaudino.it\/abbigliamento\/wp-content\/uploads\/2025\/07\/3126015102002-b-soledad_normal-768x1007.webp 768w, https:\/\/www.ginobaudino.it\/abbigliamento\/wp-content\/uploads\/2025\/07\/3126015102002-b-soledad_normal-1171x1536.webp 1171w, https:\/\/www.ginobaudino.it\/abbigliamento\/wp-content\/uploads\/2025\/07\/3126015102002-b-soledad_normal-700x918.webp 700w, https:\/\/www.ginobaudino.it\/abbigliamento\/wp-content\/uploads\/2025\/07\/3126015102002-b-soledad_normal.webp 1220w\" sizes=\"auto, (max-width: 781px) 100vw, 781px\" \/><\/p>\n<p><img loading=\"lazy\" decoding=\"async\" class=\"aligncenter size-large wp-image-16678\" src=\"https:\/\/www.ginobaudino.it\/abbigliamento\/wp-content\/uploads\/2025\/07\/4041025102001-b-baccano_normal-781x1024.webp\" alt=\"\" width=\"781\" height=\"1024\" srcset=\"https:\/\/www.ginobaudino.it\/abbigliamento\/wp-content\/uploads\/2025\/07\/4041025102001-b-baccano_normal-781x1024.webp 781w, https:\/\/www.ginobaudino.it\/abbigliamento\/wp-content\/uploads\/2025\/07\/4041025102001-b-baccano_normal-229x300.webp 229w, https:\/\/www.ginobaudino.it\/abbigliamento\/wp-content\/uploads\/2025\/07\/4041025102001-b-baccano_normal-768x1007.webp 768w, https:\/\/www.ginobaudino.it\/abbigliamento\/wp-content\/uploads\/2025\/07\/4041025102001-b-baccano_normal-1171x1536.webp 1171w, https:\/\/www.ginobaudino.it\/abbigliamento\/wp-content\/uploads\/2025\/07\/4041025102001-b-baccano_normal-700x918.webp 700w, https:\/\/www.ginobaudino.it\/abbigliamento\/wp-content\/uploads\/2025\/07\/4041025102001-b-baccano_normal.webp 1220w\" sizes=\"auto, (max-width: 781px) 100vw, 781px\" \/><\/p>\n","protected":false},"excerpt":{"rendered":"<p>Collezione Marella a Torino da Gino Baudino. Una new entry nel panorama delle proposte femminili da Gino Baudino, storico negozio nello storico ed elegante quartiere della Crocetta. Bandite le linee volgari, come da tradizione di questo elegante brand, la confezione su tutti i prodotti Marella \u00e8 di assoluta attenzione e qualit\u00e0. Il pantalone ha preso [&hellip;]<\/p>\n","protected":false},"author":2,"featured_media":16674,"comment_status":"closed","ping_status":"open","sticky":false,"template":"","format":"standard","meta":{"footnotes":""},"categories":[70,3367,1886],"tags":[3370,3368,3369,3371],"class_list":["post-16673","post","type-post","status-publish","format-standard","has-post-thumbnail","hentry","category-abbigliamento-donna","category-marella","category-novita","tag-cappotti-marella-torino","tag-collezione-marella-a-torino","tag-negozi-marella-torino","tag-tailleur-e-giacche-marella-torino-piemonte"],"yoast_head":"<!-- This site is optimized with the Yoast SEO plugin v27.4 - https:\/\/yoast.com\/product\/yoast-seo-wordpress\/ -->\n<title>Collezione Marella a Torino da Gino Baudino<\/title>\n<meta name=\"description\" content=\"Collezione Marella a Torino da Gino Baudino, storico negozio di abbigliamento in zona Crocetta. Sbircia le 7 vetrine di Via Pigafetta 49\/b\" \/>\n<meta name=\"robots\" content=\"index, follow, max-snippet:-1, max-image-preview:large, max-video-preview:-1\" \/>\n<link rel=\"canonical\" href=\"https:\/\/www.ginobaudino.it\/abbigliamento\/collezione-marella-a-torino-da-gino-baudino\/\" \/>\n<meta property=\"og:locale\" content=\"it_IT\" \/>\n<meta property=\"og:type\" content=\"article\" \/>\n<meta property=\"og:title\" content=\"Collezione Marella a Torino da Gino Baudino\" \/>\n<meta property=\"og:description\" content=\"Collezione Marella a Torino da Gino Baudino, storico negozio di abbigliamento in zona Crocetta. Sbircia le 7 vetrine di Via Pigafetta 49\/b\" \/>\n<meta property=\"og:url\" content=\"https:\/\/www.ginobaudino.it\/abbigliamento\/collezione-marella-a-torino-da-gino-baudino\/\" \/>\n<meta property=\"og:site_name\" content=\"Abbigliamento Torino\" \/>\n<meta property=\"article:published_time\" content=\"2025-07-05T14:34:49+00:00\" \/>\n<meta property=\"article:modified_time\" content=\"2025-10-16T10:10:13+00:00\" \/>\n<meta property=\"og:image\" content=\"https:\/\/www.ginobaudino.it\/abbigliamento\/wp-content\/uploads\/2025\/07\/3011035102001-b-alibi_normal.webp\" \/>\n\t<meta property=\"og:image:width\" content=\"1220\" \/>\n\t<meta property=\"og:image:height\" content=\"1600\" \/>\n\t<meta property=\"og:image:type\" content=\"image\/webp\" \/>\n<meta name=\"author\" content=\"baudino\" \/>\n<meta name=\"twitter:card\" content=\"summary_large_image\" \/>\n<meta name=\"twitter:label1\" content=\"Scritto da\" \/>\n\t<meta name=\"twitter:data1\" content=\"baudino\" \/>\n\t<meta name=\"twitter:label2\" content=\"Tempo di lettura stimato\" \/>\n\t<meta name=\"twitter:data2\" content=\"2 minuti\" \/>\n<script type=\"application\/ld+json\" class=\"yoast-schema-graph\">{\"@context\":\"https:\\\/\\\/schema.org\",\"@graph\":[{\"@type\":\"Article\",\"@id\":\"https:\\\/\\\/www.ginobaudino.it\\\/abbigliamento\\\/collezione-marella-a-torino-da-gino-baudino\\\/#article\",\"isPartOf\":{\"@id\":\"https:\\\/\\\/www.ginobaudino.it\\\/abbigliamento\\\/collezione-marella-a-torino-da-gino-baudino\\\/\"},\"author\":{\"name\":\"baudino\",\"@id\":\"https:\\\/\\\/www.ginobaudino.it\\\/abbigliamento\\\/#\\\/schema\\\/person\\\/3bd3dd4899869bd1079b397be8b23749\"},\"headline\":\"Collezione Marella a Torino da Gino Baudino\",\"datePublished\":\"2025-07-05T14:34:49+00:00\",\"dateModified\":\"2025-10-16T10:10:13+00:00\",\"mainEntityOfPage\":{\"@id\":\"https:\\\/\\\/www.ginobaudino.it\\\/abbigliamento\\\/collezione-marella-a-torino-da-gino-baudino\\\/\"},\"wordCount\":112,\"image\":{\"@id\":\"https:\\\/\\\/www.ginobaudino.it\\\/abbigliamento\\\/collezione-marella-a-torino-da-gino-baudino\\\/#primaryimage\"},\"thumbnailUrl\":\"https:\\\/\\\/www.ginobaudino.it\\\/abbigliamento\\\/wp-content\\\/uploads\\\/2025\\\/07\\\/3011035102001-b-alibi_normal.webp\",\"keywords\":[\"cappotti marella torino\",\"collezione marella a torino\",\"negozi marella torino\",\"tailleur e giacche marella torino piemonte\"],\"articleSection\":[\"abbigliamento donna\",\"Marella\",\"Novit\u00e0\"],\"inLanguage\":\"it-IT\"},{\"@type\":\"WebPage\",\"@id\":\"https:\\\/\\\/www.ginobaudino.it\\\/abbigliamento\\\/collezione-marella-a-torino-da-gino-baudino\\\/\",\"url\":\"https:\\\/\\\/www.ginobaudino.it\\\/abbigliamento\\\/collezione-marella-a-torino-da-gino-baudino\\\/\",\"name\":\"Collezione Marella a Torino da Gino Baudino\",\"isPartOf\":{\"@id\":\"https:\\\/\\\/www.ginobaudino.it\\\/abbigliamento\\\/#website\"},\"primaryImageOfPage\":{\"@id\":\"https:\\\/\\\/www.ginobaudino.it\\\/abbigliamento\\\/collezione-marella-a-torino-da-gino-baudino\\\/#primaryimage\"},\"image\":{\"@id\":\"https:\\\/\\\/www.ginobaudino.it\\\/abbigliamento\\\/collezione-marella-a-torino-da-gino-baudino\\\/#primaryimage\"},\"thumbnailUrl\":\"https:\\\/\\\/www.ginobaudino.it\\\/abbigliamento\\\/wp-content\\\/uploads\\\/2025\\\/07\\\/3011035102001-b-alibi_normal.webp\",\"datePublished\":\"2025-07-05T14:34:49+00:00\",\"dateModified\":\"2025-10-16T10:10:13+00:00\",\"author\":{\"@id\":\"https:\\\/\\\/www.ginobaudino.it\\\/abbigliamento\\\/#\\\/schema\\\/person\\\/3bd3dd4899869bd1079b397be8b23749\"},\"description\":\"Collezione Marella a Torino da Gino Baudino, storico negozio di abbigliamento in zona Crocetta. Sbircia le 7 vetrine di Via Pigafetta 49\\\/b\",\"breadcrumb\":{\"@id\":\"https:\\\/\\\/www.ginobaudino.it\\\/abbigliamento\\\/collezione-marella-a-torino-da-gino-baudino\\\/#breadcrumb\"},\"inLanguage\":\"it-IT\",\"potentialAction\":[{\"@type\":\"ReadAction\",\"target\":[\"https:\\\/\\\/www.ginobaudino.it\\\/abbigliamento\\\/collezione-marella-a-torino-da-gino-baudino\\\/\"]}]},{\"@type\":\"ImageObject\",\"inLanguage\":\"it-IT\",\"@id\":\"https:\\\/\\\/www.ginobaudino.it\\\/abbigliamento\\\/collezione-marella-a-torino-da-gino-baudino\\\/#primaryimage\",\"url\":\"https:\\\/\\\/www.ginobaudino.it\\\/abbigliamento\\\/wp-content\\\/uploads\\\/2025\\\/07\\\/3011035102001-b-alibi_normal.webp\",\"contentUrl\":\"https:\\\/\\\/www.ginobaudino.it\\\/abbigliamento\\\/wp-content\\\/uploads\\\/2025\\\/07\\\/3011035102001-b-alibi_normal.webp\",\"width\":1220,\"height\":1600},{\"@type\":\"BreadcrumbList\",\"@id\":\"https:\\\/\\\/www.ginobaudino.it\\\/abbigliamento\\\/collezione-marella-a-torino-da-gino-baudino\\\/#breadcrumb\",\"itemListElement\":[{\"@type\":\"ListItem\",\"position\":1,\"name\":\"Home\",\"item\":\"https:\\\/\\\/www.ginobaudino.it\\\/abbigliamento\\\/\"},{\"@type\":\"ListItem\",\"position\":2,\"name\":\"Collezione Marella a Torino da Gino Baudino\"}]},{\"@type\":\"WebSite\",\"@id\":\"https:\\\/\\\/www.ginobaudino.it\\\/abbigliamento\\\/#website\",\"url\":\"https:\\\/\\\/www.ginobaudino.it\\\/abbigliamento\\\/\",\"name\":\"Abbigliamento Torino\",\"description\":\"Abbigliamento uomo, donna e accessori\",\"potentialAction\":[{\"@type\":\"SearchAction\",\"target\":{\"@type\":\"EntryPoint\",\"urlTemplate\":\"https:\\\/\\\/www.ginobaudino.it\\\/abbigliamento\\\/?s={search_term_string}\"},\"query-input\":{\"@type\":\"PropertyValueSpecification\",\"valueRequired\":true,\"valueName\":\"search_term_string\"}}],\"inLanguage\":\"it-IT\"},{\"@type\":\"Person\",\"@id\":\"https:\\\/\\\/www.ginobaudino.it\\\/abbigliamento\\\/#\\\/schema\\\/person\\\/3bd3dd4899869bd1079b397be8b23749\",\"name\":\"baudino\",\"url\":\"https:\\\/\\\/www.ginobaudino.it\\\/abbigliamento\\\/author\\\/baudino\\\/\"}]}<\/script>\n<!-- \/ Yoast SEO plugin. -->","yoast_head_json":{"title":"Collezione Marella a Torino da Gino Baudino","description":"Collezione Marella a Torino da Gino Baudino, storico negozio di abbigliamento in zona Crocetta. Sbircia le 7 vetrine di Via Pigafetta 49\/b","robots":{"index":"index","follow":"follow","max-snippet":"max-snippet:-1","max-image-preview":"max-image-preview:large","max-video-preview":"max-video-preview:-1"},"canonical":"https:\/\/www.ginobaudino.it\/abbigliamento\/collezione-marella-a-torino-da-gino-baudino\/","og_locale":"it_IT","og_type":"article","og_title":"Collezione Marella a Torino da Gino Baudino","og_description":"Collezione Marella a Torino da Gino Baudino, storico negozio di abbigliamento in zona Crocetta. Sbircia le 7 vetrine di Via Pigafetta 49\/b","og_url":"https:\/\/www.ginobaudino.it\/abbigliamento\/collezione-marella-a-torino-da-gino-baudino\/","og_site_name":"Abbigliamento Torino","article_published_time":"2025-07-05T14:34:49+00:00","article_modified_time":"2025-10-16T10:10:13+00:00","og_image":[{"width":1220,"height":1600,"url":"https:\/\/www.ginobaudino.it\/abbigliamento\/wp-content\/uploads\/2025\/07\/3011035102001-b-alibi_normal.webp","type":"image\/webp"}],"author":"baudino","twitter_card":"summary_large_image","twitter_misc":{"Scritto da":"baudino","Tempo di lettura stimato":"2 minuti"},"schema":{"@context":"https:\/\/schema.org","@graph":[{"@type":"Article","@id":"https:\/\/www.ginobaudino.it\/abbigliamento\/collezione-marella-a-torino-da-gino-baudino\/#article","isPartOf":{"@id":"https:\/\/www.ginobaudino.it\/abbigliamento\/collezione-marella-a-torino-da-gino-baudino\/"},"author":{"name":"baudino","@id":"https:\/\/www.ginobaudino.it\/abbigliamento\/#\/schema\/person\/3bd3dd4899869bd1079b397be8b23749"},"headline":"Collezione Marella a Torino da Gino Baudino","datePublished":"2025-07-05T14:34:49+00:00","dateModified":"2025-10-16T10:10:13+00:00","mainEntityOfPage":{"@id":"https:\/\/www.ginobaudino.it\/abbigliamento\/collezione-marella-a-torino-da-gino-baudino\/"},"wordCount":112,"image":{"@id":"https:\/\/www.ginobaudino.it\/abbigliamento\/collezione-marella-a-torino-da-gino-baudino\/#primaryimage"},"thumbnailUrl":"https:\/\/www.ginobaudino.it\/abbigliamento\/wp-content\/uploads\/2025\/07\/3011035102001-b-alibi_normal.webp","keywords":["cappotti marella torino","collezione marella a torino","negozi marella torino","tailleur e giacche marella torino piemonte"],"articleSection":["abbigliamento donna","Marella","Novit\u00e0"],"inLanguage":"it-IT"},{"@type":"WebPage","@id":"https:\/\/www.ginobaudino.it\/abbigliamento\/collezione-marella-a-torino-da-gino-baudino\/","url":"https:\/\/www.ginobaudino.it\/abbigliamento\/collezione-marella-a-torino-da-gino-baudino\/","name":"Collezione Marella a Torino da Gino Baudino","isPartOf":{"@id":"https:\/\/www.ginobaudino.it\/abbigliamento\/#website"},"primaryImageOfPage":{"@id":"https:\/\/www.ginobaudino.it\/abbigliamento\/collezione-marella-a-torino-da-gino-baudino\/#primaryimage"},"image":{"@id":"https:\/\/www.ginobaudino.it\/abbigliamento\/collezione-marella-a-torino-da-gino-baudino\/#primaryimage"},"thumbnailUrl":"https:\/\/www.ginobaudino.it\/abbigliamento\/wp-content\/uploads\/2025\/07\/3011035102001-b-alibi_normal.webp","datePublished":"2025-07-05T14:34:49+00:00","dateModified":"2025-10-16T10:10:13+00:00","author":{"@id":"https:\/\/www.ginobaudino.it\/abbigliamento\/#\/schema\/person\/3bd3dd4899869bd1079b397be8b23749"},"description":"Collezione Marella a Torino da Gino Baudino, storico negozio di abbigliamento in zona Crocetta. Sbircia le 7 vetrine di Via Pigafetta 49\/b","breadcrumb":{"@id":"https:\/\/www.ginobaudino.it\/abbigliamento\/collezione-marella-a-torino-da-gino-baudino\/#breadcrumb"},"inLanguage":"it-IT","potentialAction":[{"@type":"ReadAction","target":["https:\/\/www.ginobaudino.it\/abbigliamento\/collezione-marella-a-torino-da-gino-baudino\/"]}]},{"@type":"ImageObject","inLanguage":"it-IT","@id":"https:\/\/www.ginobaudino.it\/abbigliamento\/collezione-marella-a-torino-da-gino-baudino\/#primaryimage","url":"https:\/\/www.ginobaudino.it\/abbigliamento\/wp-content\/uploads\/2025\/07\/3011035102001-b-alibi_normal.webp","contentUrl":"https:\/\/www.ginobaudino.it\/abbigliamento\/wp-content\/uploads\/2025\/07\/3011035102001-b-alibi_normal.webp","width":1220,"height":1600},{"@type":"BreadcrumbList","@id":"https:\/\/www.ginobaudino.it\/abbigliamento\/collezione-marella-a-torino-da-gino-baudino\/#breadcrumb","itemListElement":[{"@type":"ListItem","position":1,"name":"Home","item":"https:\/\/www.ginobaudino.it\/abbigliamento\/"},{"@type":"ListItem","position":2,"name":"Collezione Marella a Torino da Gino Baudino"}]},{"@type":"WebSite","@id":"https:\/\/www.ginobaudino.it\/abbigliamento\/#website","url":"https:\/\/www.ginobaudino.it\/abbigliamento\/","name":"Abbigliamento Torino","description":"Abbigliamento uomo, donna e accessori","potentialAction":[{"@type":"SearchAction","target":{"@type":"EntryPoint","urlTemplate":"https:\/\/www.ginobaudino.it\/abbigliamento\/?s={search_term_string}"},"query-input":{"@type":"PropertyValueSpecification","valueRequired":true,"valueName":"search_term_string"}}],"inLanguage":"it-IT"},{"@type":"Person","@id":"https:\/\/www.ginobaudino.it\/abbigliamento\/#\/schema\/person\/3bd3dd4899869bd1079b397be8b23749","name":"baudino","url":"https:\/\/www.ginobaudino.it\/abbigliamento\/author\/baudino\/"}]}},"_links":{"self":[{"href":"https:\/\/www.ginobaudino.it\/abbigliamento\/wp-json\/wp\/v2\/posts\/16673","targetHints":{"allow":["GET"]}}],"collection":[{"href":"https:\/\/www.ginobaudino.it\/abbigliamento\/wp-json\/wp\/v2\/posts"}],"about":[{"href":"https:\/\/www.ginobaudino.it\/abbigliamento\/wp-json\/wp\/v2\/types\/post"}],"author":[{"embeddable":true,"href":"https:\/\/www.ginobaudino.it\/abbigliamento\/wp-json\/wp\/v2\/users\/2"}],"replies":[{"embeddable":true,"href":"https:\/\/www.ginobaudino.it\/abbigliamento\/wp-json\/wp\/v2\/comments?post=16673"}],"version-history":[{"count":1,"href":"https:\/\/www.ginobaudino.it\/abbigliamento\/wp-json\/wp\/v2\/posts\/16673\/revisions"}],"predecessor-version":[{"id":16679,"href":"https:\/\/www.ginobaudino.it\/abbigliamento\/wp-json\/wp\/v2\/posts\/16673\/revisions\/16679"}],"wp:featuredmedia":[{"embeddable":true,"href":"https:\/\/www.ginobaudino.it\/abbigliamento\/wp-json\/wp\/v2\/media\/16674"}],"wp:attachment":[{"href":"https:\/\/www.ginobaudino.it\/abbigliamento\/wp-json\/wp\/v2\/media?parent=16673"}],"wp:term":[{"taxonomy":"category","embeddable":true,"href":"https:\/\/www.ginobaudino.it\/abbigliamento\/wp-json\/wp\/v2\/categories?post=16673"},{"taxonomy":"post_tag","embeddable":true,"href":"https:\/\/www.ginobaudino.it\/abbigliamento\/wp-json\/wp\/v2\/tags?post=16673"}],"curies":[{"name":"wp","href":"https:\/\/api.w.org\/{rel}","templated":true}]}}