{"id":16111,"date":"2024-10-08T17:21:07","date_gmt":"2024-10-08T15:21:07","guid":{"rendered":"https:\/\/www.ginobaudino.it\/abbigliamento\/?p=16111"},"modified":"2025-11-25T12:49:36","modified_gmt":"2025-11-25T11:49:36","slug":"woolrich-arctic-short-parka","status":"publish","type":"post","link":"https:\/\/www.ginobaudino.it\/abbigliamento\/woolrich-arctic-short-parka\/","title":{"rendered":"Woolrich arctic short parka"},"content":{"rendered":"<p>&nbsp;<\/p>\n<p>&nbsp;<\/p>\n<p>Woolrich arctic short parka. Una bellissima giacca invernale confezionata in Mountain Cloth, morbida e con mano simile al velluto. Resiste al vento ed all&#8217;acqua. La calda ma non infagottante imbottitura \u00e8 in piuma d&#8217;anatra. Il cappuccio \u00e8 staccabile ed il colletto alzabile \u00e8 dotato di un piccolo inserto in pelliccia, anch&#8217;esso removibile. Il disegno della spalla \u00e8 molto morbido e confortevole. All&#8217;interno ci sono due capienti tasche di cui una con velcro, all&#8217;esterno due tasche con pattina ma con chiusura con bottoni di sicurazza. Abbina il calore proverbiale Woolrich ad una modellistica totalmente rinnovata. Per le pi\u00f9 sensibili, giustamente, al tema ecologico, rileviamo che il piccolo inserto di pelliccia (staccabile)\u00a0 viene gestito con il sistema RDS ( Responsible Down Standard )\u00a0 che descrive e certifica le pratiche di benessere animale nella produzione di piume e piumino, tracciando i materiali certificati dall&#8217;allevamento al prodotto finale. <a href=\"https:\/\/www.ginobaudino.it\/abbigliamento\/marchio-registrato\/\">Gino Baudino<\/a> dal secolo scorso \u00e8 rivenditore autorizzato <a href=\"https:\/\/it.wikipedia.org\/wiki\/Woolrich\">Woolrich<\/a> a Torino e ti propone le collezioni uomo e donna.<img loading=\"lazy\" decoding=\"async\" class=\"aligncenter size-large wp-image-16112\" src=\"https:\/\/www.ginobaudino.it\/abbigliamento\/wp-content\/uploads\/2024\/10\/CFWWOU1071FRUT3780-100-683x1024.webp\" alt=\"\" width=\"683\" height=\"1024\" srcset=\"https:\/\/www.ginobaudino.it\/abbigliamento\/wp-content\/uploads\/2024\/10\/CFWWOU1071FRUT3780-100-683x1024.webp 683w, https:\/\/www.ginobaudino.it\/abbigliamento\/wp-content\/uploads\/2024\/10\/CFWWOU1071FRUT3780-100-200x300.webp 200w, https:\/\/www.ginobaudino.it\/abbigliamento\/wp-content\/uploads\/2024\/10\/CFWWOU1071FRUT3780-100-768x1152.webp 768w, https:\/\/www.ginobaudino.it\/abbigliamento\/wp-content\/uploads\/2024\/10\/CFWWOU1071FRUT3780-100-1024x1536.webp 1024w, https:\/\/www.ginobaudino.it\/abbigliamento\/wp-content\/uploads\/2024\/10\/CFWWOU1071FRUT3780-100-1365x2048.webp 1365w, https:\/\/www.ginobaudino.it\/abbigliamento\/wp-content\/uploads\/2024\/10\/CFWWOU1071FRUT3780-100-700x1050.webp 700w, https:\/\/www.ginobaudino.it\/abbigliamento\/wp-content\/uploads\/2024\/10\/CFWWOU1071FRUT3780-100-scaled.webp 1707w\" sizes=\"auto, (max-width: 683px) 100vw, 683px\" \/><\/p>\n<p><img loading=\"lazy\" decoding=\"async\" class=\"aligncenter size-large wp-image-16113\" src=\"https:\/\/www.ginobaudino.it\/abbigliamento\/wp-content\/uploads\/2024\/10\/short-arctic-parka-woolrich-CFWWOU1071FRUT3780-100-683x1024.webp\" alt=\"\" width=\"683\" height=\"1024\" srcset=\"https:\/\/www.ginobaudino.it\/abbigliamento\/wp-content\/uploads\/2024\/10\/short-arctic-parka-woolrich-CFWWOU1071FRUT3780-100-683x1024.webp 683w, https:\/\/www.ginobaudino.it\/abbigliamento\/wp-content\/uploads\/2024\/10\/short-arctic-parka-woolrich-CFWWOU1071FRUT3780-100-200x300.webp 200w, https:\/\/www.ginobaudino.it\/abbigliamento\/wp-content\/uploads\/2024\/10\/short-arctic-parka-woolrich-CFWWOU1071FRUT3780-100-768x1152.webp 768w, https:\/\/www.ginobaudino.it\/abbigliamento\/wp-content\/uploads\/2024\/10\/short-arctic-parka-woolrich-CFWWOU1071FRUT3780-100-1024x1536.webp 1024w, https:\/\/www.ginobaudino.it\/abbigliamento\/wp-content\/uploads\/2024\/10\/short-arctic-parka-woolrich-CFWWOU1071FRUT3780-100-1365x2048.webp 1365w, https:\/\/www.ginobaudino.it\/abbigliamento\/wp-content\/uploads\/2024\/10\/short-arctic-parka-woolrich-CFWWOU1071FRUT3780-100-700x1050.webp 700w, https:\/\/www.ginobaudino.it\/abbigliamento\/wp-content\/uploads\/2024\/10\/short-arctic-parka-woolrich-CFWWOU1071FRUT3780-100-scaled.webp 1707w\" sizes=\"auto, (max-width: 683px) 100vw, 683px\" \/><\/p>\n<p><img loading=\"lazy\" decoding=\"async\" class=\"aligncenter size-large wp-image-16114\" src=\"https:\/\/www.ginobaudino.it\/abbigliamento\/wp-content\/uploads\/2024\/10\/CFWWOU1071FRUT3780-100-1-683x1024.jpg\" alt=\"\" width=\"683\" height=\"1024\" srcset=\"https:\/\/www.ginobaudino.it\/abbigliamento\/wp-content\/uploads\/2024\/10\/CFWWOU1071FRUT3780-100-1-683x1024.jpg 683w, https:\/\/www.ginobaudino.it\/abbigliamento\/wp-content\/uploads\/2024\/10\/CFWWOU1071FRUT3780-100-1-200x300.jpg 200w, https:\/\/www.ginobaudino.it\/abbigliamento\/wp-content\/uploads\/2024\/10\/CFWWOU1071FRUT3780-100-1-768x1152.jpg 768w, https:\/\/www.ginobaudino.it\/abbigliamento\/wp-content\/uploads\/2024\/10\/CFWWOU1071FRUT3780-100-1-1024x1536.jpg 1024w, https:\/\/www.ginobaudino.it\/abbigliamento\/wp-content\/uploads\/2024\/10\/CFWWOU1071FRUT3780-100-1-1365x2048.jpg 1365w, https:\/\/www.ginobaudino.it\/abbigliamento\/wp-content\/uploads\/2024\/10\/CFWWOU1071FRUT3780-100-1-700x1050.jpg 700w, https:\/\/www.ginobaudino.it\/abbigliamento\/wp-content\/uploads\/2024\/10\/CFWWOU1071FRUT3780-100-1-scaled.jpg 1707w\" sizes=\"auto, (max-width: 683px) 100vw, 683px\" \/><\/p>\n","protected":false},"excerpt":{"rendered":"<p>&nbsp; &nbsp; Woolrich arctic short parka. Una bellissima giacca invernale confezionata in Mountain Cloth, morbida e con mano simile al velluto. Resiste al vento ed all&#8217;acqua. La calda ma non infagottante imbottitura \u00e8 in piuma d&#8217;anatra. Il cappuccio \u00e8 staccabile ed il colletto alzabile \u00e8 dotato di un piccolo inserto in pelliccia, anch&#8217;esso removibile. Il [&hellip;]<\/p>\n","protected":false},"author":2,"featured_media":16114,"comment_status":"closed","ping_status":"open","sticky":false,"template":"","format":"standard","meta":{"footnotes":""},"categories":[70,88],"tags":[3246,2065,761,3245],"class_list":["post-16111","post","type-post","status-publish","format-standard","has-post-thumbnail","hentry","category-abbigliamento-donna","category-woolrich-donna","tag-abbigliamento-woolrich-a-torino","tag-giacche-woolrich-a-torino","tag-negozio-woolrich-a-torino","tag-woolrich-arctic-short-parka-a-torino"],"yoast_head":"<!-- This site is optimized with the Yoast SEO plugin v27.4 - https:\/\/yoast.com\/product\/yoast-seo-wordpress\/ -->\n<title>Woolrich arctic short parka da Gino Baudino a Torino<\/title>\n<meta name=\"description\" content=\"Woolrich arctic short parka da Gino Baudino a Torino, lo trovi insieme alle nuove collezioni donna e uomo in via Pigafetta 49\/g\" \/>\n<meta name=\"robots\" content=\"index, follow, max-snippet:-1, max-image-preview:large, max-video-preview:-1\" \/>\n<link rel=\"canonical\" href=\"https:\/\/www.ginobaudino.it\/abbigliamento\/woolrich-arctic-short-parka\/\" \/>\n<meta property=\"og:locale\" content=\"it_IT\" \/>\n<meta property=\"og:type\" content=\"article\" \/>\n<meta property=\"og:title\" content=\"Woolrich arctic short parka da Gino Baudino a Torino\" \/>\n<meta property=\"og:description\" content=\"Woolrich arctic short parka da Gino Baudino a Torino, lo trovi insieme alle nuove collezioni donna e uomo in via Pigafetta 49\/g\" \/>\n<meta property=\"og:url\" content=\"https:\/\/www.ginobaudino.it\/abbigliamento\/woolrich-arctic-short-parka\/\" \/>\n<meta property=\"og:site_name\" content=\"Abbigliamento Torino\" \/>\n<meta property=\"article:published_time\" content=\"2024-10-08T15:21:07+00:00\" \/>\n<meta property=\"article:modified_time\" content=\"2025-11-25T11:49:36+00:00\" \/>\n<meta property=\"og:image\" content=\"https:\/\/www.ginobaudino.it\/abbigliamento\/wp-content\/uploads\/2024\/10\/CFWWOU1071FRUT3780-100-1-scaled.jpg\" \/>\n\t<meta property=\"og:image:width\" content=\"1707\" \/>\n\t<meta property=\"og:image:height\" content=\"2560\" \/>\n\t<meta property=\"og:image:type\" content=\"image\/jpeg\" \/>\n<meta name=\"author\" content=\"baudino\" \/>\n<meta name=\"twitter:card\" content=\"summary_large_image\" \/>\n<meta name=\"twitter:label1\" content=\"Scritto da\" \/>\n\t<meta name=\"twitter:data1\" content=\"baudino\" \/>\n\t<meta name=\"twitter:label2\" content=\"Tempo di lettura stimato\" \/>\n\t<meta name=\"twitter:data2\" content=\"2 minuti\" \/>\n<script type=\"application\/ld+json\" class=\"yoast-schema-graph\">{\"@context\":\"https:\\\/\\\/schema.org\",\"@graph\":[{\"@type\":\"Article\",\"@id\":\"https:\\\/\\\/www.ginobaudino.it\\\/abbigliamento\\\/woolrich-arctic-short-parka\\\/#article\",\"isPartOf\":{\"@id\":\"https:\\\/\\\/www.ginobaudino.it\\\/abbigliamento\\\/woolrich-arctic-short-parka\\\/\"},\"author\":{\"name\":\"baudino\",\"@id\":\"https:\\\/\\\/www.ginobaudino.it\\\/abbigliamento\\\/#\\\/schema\\\/person\\\/3bd3dd4899869bd1079b397be8b23749\"},\"headline\":\"Woolrich arctic short parka\",\"datePublished\":\"2024-10-08T15:21:07+00:00\",\"dateModified\":\"2025-11-25T11:49:36+00:00\",\"mainEntityOfPage\":{\"@id\":\"https:\\\/\\\/www.ginobaudino.it\\\/abbigliamento\\\/woolrich-arctic-short-parka\\\/\"},\"wordCount\":168,\"image\":{\"@id\":\"https:\\\/\\\/www.ginobaudino.it\\\/abbigliamento\\\/woolrich-arctic-short-parka\\\/#primaryimage\"},\"thumbnailUrl\":\"https:\\\/\\\/www.ginobaudino.it\\\/abbigliamento\\\/wp-content\\\/uploads\\\/2024\\\/10\\\/CFWWOU1071FRUT3780-100-1-scaled.jpg\",\"keywords\":[\"abbigliamento woolrich a Torino\",\"giacche woolrich a torino\",\"negozio woolrich a torino\",\"Woolrich arctic short parka a Torino\"],\"articleSection\":[\"abbigliamento donna\",\"Woolrich donna\"],\"inLanguage\":\"it-IT\"},{\"@type\":\"WebPage\",\"@id\":\"https:\\\/\\\/www.ginobaudino.it\\\/abbigliamento\\\/woolrich-arctic-short-parka\\\/\",\"url\":\"https:\\\/\\\/www.ginobaudino.it\\\/abbigliamento\\\/woolrich-arctic-short-parka\\\/\",\"name\":\"Woolrich arctic short parka da Gino Baudino a Torino\",\"isPartOf\":{\"@id\":\"https:\\\/\\\/www.ginobaudino.it\\\/abbigliamento\\\/#website\"},\"primaryImageOfPage\":{\"@id\":\"https:\\\/\\\/www.ginobaudino.it\\\/abbigliamento\\\/woolrich-arctic-short-parka\\\/#primaryimage\"},\"image\":{\"@id\":\"https:\\\/\\\/www.ginobaudino.it\\\/abbigliamento\\\/woolrich-arctic-short-parka\\\/#primaryimage\"},\"thumbnailUrl\":\"https:\\\/\\\/www.ginobaudino.it\\\/abbigliamento\\\/wp-content\\\/uploads\\\/2024\\\/10\\\/CFWWOU1071FRUT3780-100-1-scaled.jpg\",\"datePublished\":\"2024-10-08T15:21:07+00:00\",\"dateModified\":\"2025-11-25T11:49:36+00:00\",\"author\":{\"@id\":\"https:\\\/\\\/www.ginobaudino.it\\\/abbigliamento\\\/#\\\/schema\\\/person\\\/3bd3dd4899869bd1079b397be8b23749\"},\"description\":\"Woolrich arctic short parka da Gino Baudino a Torino, lo trovi insieme alle nuove collezioni donna e uomo in via Pigafetta 49\\\/g\",\"breadcrumb\":{\"@id\":\"https:\\\/\\\/www.ginobaudino.it\\\/abbigliamento\\\/woolrich-arctic-short-parka\\\/#breadcrumb\"},\"inLanguage\":\"it-IT\",\"potentialAction\":[{\"@type\":\"ReadAction\",\"target\":[\"https:\\\/\\\/www.ginobaudino.it\\\/abbigliamento\\\/woolrich-arctic-short-parka\\\/\"]}]},{\"@type\":\"ImageObject\",\"inLanguage\":\"it-IT\",\"@id\":\"https:\\\/\\\/www.ginobaudino.it\\\/abbigliamento\\\/woolrich-arctic-short-parka\\\/#primaryimage\",\"url\":\"https:\\\/\\\/www.ginobaudino.it\\\/abbigliamento\\\/wp-content\\\/uploads\\\/2024\\\/10\\\/CFWWOU1071FRUT3780-100-1-scaled.jpg\",\"contentUrl\":\"https:\\\/\\\/www.ginobaudino.it\\\/abbigliamento\\\/wp-content\\\/uploads\\\/2024\\\/10\\\/CFWWOU1071FRUT3780-100-1-scaled.jpg\",\"width\":1707,\"height\":2560},{\"@type\":\"BreadcrumbList\",\"@id\":\"https:\\\/\\\/www.ginobaudino.it\\\/abbigliamento\\\/woolrich-arctic-short-parka\\\/#breadcrumb\",\"itemListElement\":[{\"@type\":\"ListItem\",\"position\":1,\"name\":\"Home\",\"item\":\"https:\\\/\\\/www.ginobaudino.it\\\/abbigliamento\\\/\"},{\"@type\":\"ListItem\",\"position\":2,\"name\":\"Woolrich arctic short parka\"}]},{\"@type\":\"WebSite\",\"@id\":\"https:\\\/\\\/www.ginobaudino.it\\\/abbigliamento\\\/#website\",\"url\":\"https:\\\/\\\/www.ginobaudino.it\\\/abbigliamento\\\/\",\"name\":\"Abbigliamento Torino\",\"description\":\"Abbigliamento uomo, donna e accessori\",\"potentialAction\":[{\"@type\":\"SearchAction\",\"target\":{\"@type\":\"EntryPoint\",\"urlTemplate\":\"https:\\\/\\\/www.ginobaudino.it\\\/abbigliamento\\\/?s={search_term_string}\"},\"query-input\":{\"@type\":\"PropertyValueSpecification\",\"valueRequired\":true,\"valueName\":\"search_term_string\"}}],\"inLanguage\":\"it-IT\"},{\"@type\":\"Person\",\"@id\":\"https:\\\/\\\/www.ginobaudino.it\\\/abbigliamento\\\/#\\\/schema\\\/person\\\/3bd3dd4899869bd1079b397be8b23749\",\"name\":\"baudino\",\"url\":\"https:\\\/\\\/www.ginobaudino.it\\\/abbigliamento\\\/author\\\/baudino\\\/\"}]}<\/script>\n<!-- \/ Yoast SEO plugin. -->","yoast_head_json":{"title":"Woolrich arctic short parka da Gino Baudino a Torino","description":"Woolrich arctic short parka da Gino Baudino a Torino, lo trovi insieme alle nuove collezioni donna e uomo in via Pigafetta 49\/g","robots":{"index":"index","follow":"follow","max-snippet":"max-snippet:-1","max-image-preview":"max-image-preview:large","max-video-preview":"max-video-preview:-1"},"canonical":"https:\/\/www.ginobaudino.it\/abbigliamento\/woolrich-arctic-short-parka\/","og_locale":"it_IT","og_type":"article","og_title":"Woolrich arctic short parka da Gino Baudino a Torino","og_description":"Woolrich arctic short parka da Gino Baudino a Torino, lo trovi insieme alle nuove collezioni donna e uomo in via Pigafetta 49\/g","og_url":"https:\/\/www.ginobaudino.it\/abbigliamento\/woolrich-arctic-short-parka\/","og_site_name":"Abbigliamento Torino","article_published_time":"2024-10-08T15:21:07+00:00","article_modified_time":"2025-11-25T11:49:36+00:00","og_image":[{"width":1707,"height":2560,"url":"https:\/\/www.ginobaudino.it\/abbigliamento\/wp-content\/uploads\/2024\/10\/CFWWOU1071FRUT3780-100-1-scaled.jpg","type":"image\/jpeg"}],"author":"baudino","twitter_card":"summary_large_image","twitter_misc":{"Scritto da":"baudino","Tempo di lettura stimato":"2 minuti"},"schema":{"@context":"https:\/\/schema.org","@graph":[{"@type":"Article","@id":"https:\/\/www.ginobaudino.it\/abbigliamento\/woolrich-arctic-short-parka\/#article","isPartOf":{"@id":"https:\/\/www.ginobaudino.it\/abbigliamento\/woolrich-arctic-short-parka\/"},"author":{"name":"baudino","@id":"https:\/\/www.ginobaudino.it\/abbigliamento\/#\/schema\/person\/3bd3dd4899869bd1079b397be8b23749"},"headline":"Woolrich arctic short parka","datePublished":"2024-10-08T15:21:07+00:00","dateModified":"2025-11-25T11:49:36+00:00","mainEntityOfPage":{"@id":"https:\/\/www.ginobaudino.it\/abbigliamento\/woolrich-arctic-short-parka\/"},"wordCount":168,"image":{"@id":"https:\/\/www.ginobaudino.it\/abbigliamento\/woolrich-arctic-short-parka\/#primaryimage"},"thumbnailUrl":"https:\/\/www.ginobaudino.it\/abbigliamento\/wp-content\/uploads\/2024\/10\/CFWWOU1071FRUT3780-100-1-scaled.jpg","keywords":["abbigliamento woolrich a Torino","giacche woolrich a torino","negozio woolrich a torino","Woolrich arctic short parka a Torino"],"articleSection":["abbigliamento donna","Woolrich donna"],"inLanguage":"it-IT"},{"@type":"WebPage","@id":"https:\/\/www.ginobaudino.it\/abbigliamento\/woolrich-arctic-short-parka\/","url":"https:\/\/www.ginobaudino.it\/abbigliamento\/woolrich-arctic-short-parka\/","name":"Woolrich arctic short parka da Gino Baudino a Torino","isPartOf":{"@id":"https:\/\/www.ginobaudino.it\/abbigliamento\/#website"},"primaryImageOfPage":{"@id":"https:\/\/www.ginobaudino.it\/abbigliamento\/woolrich-arctic-short-parka\/#primaryimage"},"image":{"@id":"https:\/\/www.ginobaudino.it\/abbigliamento\/woolrich-arctic-short-parka\/#primaryimage"},"thumbnailUrl":"https:\/\/www.ginobaudino.it\/abbigliamento\/wp-content\/uploads\/2024\/10\/CFWWOU1071FRUT3780-100-1-scaled.jpg","datePublished":"2024-10-08T15:21:07+00:00","dateModified":"2025-11-25T11:49:36+00:00","author":{"@id":"https:\/\/www.ginobaudino.it\/abbigliamento\/#\/schema\/person\/3bd3dd4899869bd1079b397be8b23749"},"description":"Woolrich arctic short parka da Gino Baudino a Torino, lo trovi insieme alle nuove collezioni donna e uomo in via Pigafetta 49\/g","breadcrumb":{"@id":"https:\/\/www.ginobaudino.it\/abbigliamento\/woolrich-arctic-short-parka\/#breadcrumb"},"inLanguage":"it-IT","potentialAction":[{"@type":"ReadAction","target":["https:\/\/www.ginobaudino.it\/abbigliamento\/woolrich-arctic-short-parka\/"]}]},{"@type":"ImageObject","inLanguage":"it-IT","@id":"https:\/\/www.ginobaudino.it\/abbigliamento\/woolrich-arctic-short-parka\/#primaryimage","url":"https:\/\/www.ginobaudino.it\/abbigliamento\/wp-content\/uploads\/2024\/10\/CFWWOU1071FRUT3780-100-1-scaled.jpg","contentUrl":"https:\/\/www.ginobaudino.it\/abbigliamento\/wp-content\/uploads\/2024\/10\/CFWWOU1071FRUT3780-100-1-scaled.jpg","width":1707,"height":2560},{"@type":"BreadcrumbList","@id":"https:\/\/www.ginobaudino.it\/abbigliamento\/woolrich-arctic-short-parka\/#breadcrumb","itemListElement":[{"@type":"ListItem","position":1,"name":"Home","item":"https:\/\/www.ginobaudino.it\/abbigliamento\/"},{"@type":"ListItem","position":2,"name":"Woolrich arctic short parka"}]},{"@type":"WebSite","@id":"https:\/\/www.ginobaudino.it\/abbigliamento\/#website","url":"https:\/\/www.ginobaudino.it\/abbigliamento\/","name":"Abbigliamento Torino","description":"Abbigliamento uomo, donna e accessori","potentialAction":[{"@type":"SearchAction","target":{"@type":"EntryPoint","urlTemplate":"https:\/\/www.ginobaudino.it\/abbigliamento\/?s={search_term_string}"},"query-input":{"@type":"PropertyValueSpecification","valueRequired":true,"valueName":"search_term_string"}}],"inLanguage":"it-IT"},{"@type":"Person","@id":"https:\/\/www.ginobaudino.it\/abbigliamento\/#\/schema\/person\/3bd3dd4899869bd1079b397be8b23749","name":"baudino","url":"https:\/\/www.ginobaudino.it\/abbigliamento\/author\/baudino\/"}]}},"_links":{"self":[{"href":"https:\/\/www.ginobaudino.it\/abbigliamento\/wp-json\/wp\/v2\/posts\/16111","targetHints":{"allow":["GET"]}}],"collection":[{"href":"https:\/\/www.ginobaudino.it\/abbigliamento\/wp-json\/wp\/v2\/posts"}],"about":[{"href":"https:\/\/www.ginobaudino.it\/abbigliamento\/wp-json\/wp\/v2\/types\/post"}],"author":[{"embeddable":true,"href":"https:\/\/www.ginobaudino.it\/abbigliamento\/wp-json\/wp\/v2\/users\/2"}],"replies":[{"embeddable":true,"href":"https:\/\/www.ginobaudino.it\/abbigliamento\/wp-json\/wp\/v2\/comments?post=16111"}],"version-history":[{"count":4,"href":"https:\/\/www.ginobaudino.it\/abbigliamento\/wp-json\/wp\/v2\/posts\/16111\/revisions"}],"predecessor-version":[{"id":17151,"href":"https:\/\/www.ginobaudino.it\/abbigliamento\/wp-json\/wp\/v2\/posts\/16111\/revisions\/17151"}],"wp:featuredmedia":[{"embeddable":true,"href":"https:\/\/www.ginobaudino.it\/abbigliamento\/wp-json\/wp\/v2\/media\/16114"}],"wp:attachment":[{"href":"https:\/\/www.ginobaudino.it\/abbigliamento\/wp-json\/wp\/v2\/media?parent=16111"}],"wp:term":[{"taxonomy":"category","embeddable":true,"href":"https:\/\/www.ginobaudino.it\/abbigliamento\/wp-json\/wp\/v2\/categories?post=16111"},{"taxonomy":"post_tag","embeddable":true,"href":"https:\/\/www.ginobaudino.it\/abbigliamento\/wp-json\/wp\/v2\/tags?post=16111"}],"curies":[{"name":"wp","href":"https:\/\/api.w.org\/{rel}","templated":true}]}}