{"id":16024,"date":"2024-09-30T17:57:18","date_gmt":"2024-09-30T15:57:18","guid":{"rendered":"https:\/\/www.ginobaudino.it\/abbigliamento\/?p=16024"},"modified":"2025-12-12T19:02:51","modified_gmt":"2025-12-12T18:02:51","slug":"nuova-collezione-vicario-5","status":"publish","type":"post","link":"https:\/\/www.ginobaudino.it\/abbigliamento\/nuova-collezione-vicario-5\/","title":{"rendered":"Nuova collezione Vicario 5"},"content":{"rendered":"<p>Nuova collezione Vicario 5. L&#8217;azienda veneta, con il suo rigoroso made in Italy,\u00a0 conferma la scelta azzeccata in fatto di materiali ideali per modelli senza tempo. Qui ti presentiamo un giacconcino \u00a0in morbido panno di maglia chicco riso con colletto a vela. Un caban molto furbo, versatile e sofisticato, per il tuo nuovo outfit autunno inverno. Il codice prodotto \u00e8 Calcea. Molto interessante anche l&#8217;abito Abelia, ottimo prezzo, con design svasato dal collo a ciambella, maniche al gomito e finiture a taglio vivo. In questo caso il tessuto \u00e8 in punto Milano, garanza di ottima vestibilit\u00e0 per tutte le forme. Amelia \u00e8 invece un abito lungo con gonna a palloncino in punto milano, scollo a giro, maniche lunghe e tasche sui fianchi. Il tessuto \u00e8 anche in questo caso in punto Milano, con una elegante banda al fondo, polsi e spalle in taffet\u00e0. <a href=\"https:\/\/www.ginobaudino.it\/abbigliamento\/marchi\/abbigliamento-donna\/\">Gino Baudino<\/a> propone da anni con soddisfazione le creazioni <a href=\"https:\/\/www.facebook.com\/vicariocinque\/videos\/?locale=it_IT&amp;paipv=0&amp;eav=AfbpqVU0qVIzYg-UAHd-KpGFEZAqIKQajll7UtVoNpo1Kytldi69qkQRvA99bZzg-PE&amp;_rdr\">Vicario 5<\/a>, vieni a provarle a torino in via Pigafetta 49G in zona Crocetta.<\/p>\n<p><img loading=\"lazy\" decoding=\"async\" class=\"aligncenter size-large wp-image-16026\" src=\"https:\/\/www.ginobaudino.it\/abbigliamento\/wp-content\/uploads\/2024\/09\/CEANNA_414_LB_3-683x1024.jpg\" alt=\"\" width=\"683\" height=\"1024\" srcset=\"https:\/\/www.ginobaudino.it\/abbigliamento\/wp-content\/uploads\/2024\/09\/CEANNA_414_LB_3-683x1024.jpg 683w, https:\/\/www.ginobaudino.it\/abbigliamento\/wp-content\/uploads\/2024\/09\/CEANNA_414_LB_3-200x300.jpg 200w, https:\/\/www.ginobaudino.it\/abbigliamento\/wp-content\/uploads\/2024\/09\/CEANNA_414_LB_3-768x1152.jpg 768w, https:\/\/www.ginobaudino.it\/abbigliamento\/wp-content\/uploads\/2024\/09\/CEANNA_414_LB_3-1024x1536.jpg 1024w, https:\/\/www.ginobaudino.it\/abbigliamento\/wp-content\/uploads\/2024\/09\/CEANNA_414_LB_3-700x1050.jpg 700w, https:\/\/www.ginobaudino.it\/abbigliamento\/wp-content\/uploads\/2024\/09\/CEANNA_414_LB_3.jpg 1350w\" sizes=\"auto, (max-width: 683px) 100vw, 683px\" \/><\/p>\n<p><img loading=\"lazy\" decoding=\"async\" class=\"aligncenter size-large wp-image-16027\" src=\"https:\/\/www.ginobaudino.it\/abbigliamento\/wp-content\/uploads\/2024\/09\/ABELIA_176I_BK_1-683x1024.jpg\" alt=\"\" width=\"683\" height=\"1024\" srcset=\"https:\/\/www.ginobaudino.it\/abbigliamento\/wp-content\/uploads\/2024\/09\/ABELIA_176I_BK_1-683x1024.jpg 683w, https:\/\/www.ginobaudino.it\/abbigliamento\/wp-content\/uploads\/2024\/09\/ABELIA_176I_BK_1-200x300.jpg 200w, https:\/\/www.ginobaudino.it\/abbigliamento\/wp-content\/uploads\/2024\/09\/ABELIA_176I_BK_1-768x1152.jpg 768w, https:\/\/www.ginobaudino.it\/abbigliamento\/wp-content\/uploads\/2024\/09\/ABELIA_176I_BK_1-1024x1536.jpg 1024w, https:\/\/www.ginobaudino.it\/abbigliamento\/wp-content\/uploads\/2024\/09\/ABELIA_176I_BK_1-700x1050.jpg 700w, https:\/\/www.ginobaudino.it\/abbigliamento\/wp-content\/uploads\/2024\/09\/ABELIA_176I_BK_1.jpg 1350w\" sizes=\"auto, (max-width: 683px) 100vw, 683px\" \/><\/p>\n","protected":false},"excerpt":{"rendered":"<p>Nuova collezione Vicario 5. L&#8217;azienda veneta, con il suo rigoroso made in Italy,\u00a0 conferma la scelta azzeccata in fatto di materiali ideali per modelli senza tempo. Qui ti presentiamo un giacconcino \u00a0in morbido panno di maglia chicco riso con colletto a vela. Un caban molto furbo, versatile e sofisticato, per il tuo nuovo outfit autunno [&hellip;]<\/p>\n","protected":false},"author":2,"featured_media":16028,"comment_status":"closed","ping_status":"open","sticky":false,"template":"","format":"standard","meta":{"footnotes":""},"categories":[70,1578],"tags":[3225,3227,3226],"class_list":["post-16024","post","type-post","status-publish","format-standard","has-post-thumbnail","hentry","category-abbigliamento-donna","category-vicario-cinque","tag-abiti-vicario-5-torino","tag-collezione-vicario-5-negozi-a-torino","tag-negozi-abiti-donna-torino"],"yoast_head":"<!-- This site is optimized with the Yoast SEO plugin v27.4 - https:\/\/yoast.com\/product\/yoast-seo-wordpress\/ -->\n<title>Nuova collezione Vicario 5<\/title>\n<meta name=\"description\" content=\"Nuova collezione Vicario 5 a Torino da Gino Baudino in via Pigafetta 49\/g gli ultimi arrivi in fatto di abiti donna e caban colorati.\" \/>\n<meta name=\"robots\" content=\"index, follow, max-snippet:-1, max-image-preview:large, max-video-preview:-1\" \/>\n<link rel=\"canonical\" href=\"https:\/\/www.ginobaudino.it\/abbigliamento\/nuova-collezione-vicario-5\/\" \/>\n<meta property=\"og:locale\" content=\"it_IT\" \/>\n<meta property=\"og:type\" content=\"article\" \/>\n<meta property=\"og:title\" content=\"Nuova collezione Vicario 5\" \/>\n<meta property=\"og:description\" content=\"Nuova collezione Vicario 5 a Torino da Gino Baudino in via Pigafetta 49\/g gli ultimi arrivi in fatto di abiti donna e caban colorati.\" \/>\n<meta property=\"og:url\" content=\"https:\/\/www.ginobaudino.it\/abbigliamento\/nuova-collezione-vicario-5\/\" \/>\n<meta property=\"og:site_name\" content=\"Abbigliamento Torino\" \/>\n<meta property=\"article:published_time\" content=\"2024-09-30T15:57:18+00:00\" \/>\n<meta property=\"article:modified_time\" content=\"2025-12-12T18:02:51+00:00\" \/>\n<meta property=\"og:image\" content=\"https:\/\/www.ginobaudino.it\/abbigliamento\/wp-content\/uploads\/2024\/09\/cat_abiti_fw24.jpg\" \/>\n\t<meta property=\"og:image:width\" content=\"1080\" \/>\n\t<meta property=\"og:image:height\" content=\"1080\" \/>\n\t<meta property=\"og:image:type\" content=\"image\/jpeg\" \/>\n<meta name=\"author\" content=\"baudino\" \/>\n<meta name=\"twitter:card\" content=\"summary_large_image\" \/>\n<meta name=\"twitter:label1\" content=\"Scritto da\" \/>\n\t<meta name=\"twitter:data1\" content=\"baudino\" \/>\n\t<meta name=\"twitter:label2\" content=\"Tempo di lettura stimato\" \/>\n\t<meta name=\"twitter:data2\" content=\"2 minuti\" \/>\n<script type=\"application\/ld+json\" class=\"yoast-schema-graph\">{\"@context\":\"https:\\\/\\\/schema.org\",\"@graph\":[{\"@type\":\"Article\",\"@id\":\"https:\\\/\\\/www.ginobaudino.it\\\/abbigliamento\\\/nuova-collezione-vicario-5\\\/#article\",\"isPartOf\":{\"@id\":\"https:\\\/\\\/www.ginobaudino.it\\\/abbigliamento\\\/nuova-collezione-vicario-5\\\/\"},\"author\":{\"name\":\"baudino\",\"@id\":\"https:\\\/\\\/www.ginobaudino.it\\\/abbigliamento\\\/#\\\/schema\\\/person\\\/3bd3dd4899869bd1079b397be8b23749\"},\"headline\":\"Nuova collezione Vicario 5\",\"datePublished\":\"2024-09-30T15:57:18+00:00\",\"dateModified\":\"2025-12-12T18:02:51+00:00\",\"mainEntityOfPage\":{\"@id\":\"https:\\\/\\\/www.ginobaudino.it\\\/abbigliamento\\\/nuova-collezione-vicario-5\\\/\"},\"wordCount\":165,\"image\":{\"@id\":\"https:\\\/\\\/www.ginobaudino.it\\\/abbigliamento\\\/nuova-collezione-vicario-5\\\/#primaryimage\"},\"thumbnailUrl\":\"https:\\\/\\\/www.ginobaudino.it\\\/abbigliamento\\\/wp-content\\\/uploads\\\/2024\\\/09\\\/cat_abiti_fw24.jpg\",\"keywords\":[\"Abiti Vicario 5 Torino\",\"Collezione Vicario 5 negozi a Torino\",\"negozi abiti donna Torino\"],\"articleSection\":[\"abbigliamento donna\",\"vicario cinque\"],\"inLanguage\":\"it-IT\"},{\"@type\":\"WebPage\",\"@id\":\"https:\\\/\\\/www.ginobaudino.it\\\/abbigliamento\\\/nuova-collezione-vicario-5\\\/\",\"url\":\"https:\\\/\\\/www.ginobaudino.it\\\/abbigliamento\\\/nuova-collezione-vicario-5\\\/\",\"name\":\"Nuova collezione Vicario 5\",\"isPartOf\":{\"@id\":\"https:\\\/\\\/www.ginobaudino.it\\\/abbigliamento\\\/#website\"},\"primaryImageOfPage\":{\"@id\":\"https:\\\/\\\/www.ginobaudino.it\\\/abbigliamento\\\/nuova-collezione-vicario-5\\\/#primaryimage\"},\"image\":{\"@id\":\"https:\\\/\\\/www.ginobaudino.it\\\/abbigliamento\\\/nuova-collezione-vicario-5\\\/#primaryimage\"},\"thumbnailUrl\":\"https:\\\/\\\/www.ginobaudino.it\\\/abbigliamento\\\/wp-content\\\/uploads\\\/2024\\\/09\\\/cat_abiti_fw24.jpg\",\"datePublished\":\"2024-09-30T15:57:18+00:00\",\"dateModified\":\"2025-12-12T18:02:51+00:00\",\"author\":{\"@id\":\"https:\\\/\\\/www.ginobaudino.it\\\/abbigliamento\\\/#\\\/schema\\\/person\\\/3bd3dd4899869bd1079b397be8b23749\"},\"description\":\"Nuova collezione Vicario 5 a Torino da Gino Baudino in via Pigafetta 49\\\/g gli ultimi arrivi in fatto di abiti donna e caban colorati.\",\"breadcrumb\":{\"@id\":\"https:\\\/\\\/www.ginobaudino.it\\\/abbigliamento\\\/nuova-collezione-vicario-5\\\/#breadcrumb\"},\"inLanguage\":\"it-IT\",\"potentialAction\":[{\"@type\":\"ReadAction\",\"target\":[\"https:\\\/\\\/www.ginobaudino.it\\\/abbigliamento\\\/nuova-collezione-vicario-5\\\/\"]}]},{\"@type\":\"ImageObject\",\"inLanguage\":\"it-IT\",\"@id\":\"https:\\\/\\\/www.ginobaudino.it\\\/abbigliamento\\\/nuova-collezione-vicario-5\\\/#primaryimage\",\"url\":\"https:\\\/\\\/www.ginobaudino.it\\\/abbigliamento\\\/wp-content\\\/uploads\\\/2024\\\/09\\\/cat_abiti_fw24.jpg\",\"contentUrl\":\"https:\\\/\\\/www.ginobaudino.it\\\/abbigliamento\\\/wp-content\\\/uploads\\\/2024\\\/09\\\/cat_abiti_fw24.jpg\",\"width\":1080,\"height\":1080},{\"@type\":\"BreadcrumbList\",\"@id\":\"https:\\\/\\\/www.ginobaudino.it\\\/abbigliamento\\\/nuova-collezione-vicario-5\\\/#breadcrumb\",\"itemListElement\":[{\"@type\":\"ListItem\",\"position\":1,\"name\":\"Home\",\"item\":\"https:\\\/\\\/www.ginobaudino.it\\\/abbigliamento\\\/\"},{\"@type\":\"ListItem\",\"position\":2,\"name\":\"Nuova collezione Vicario 5\"}]},{\"@type\":\"WebSite\",\"@id\":\"https:\\\/\\\/www.ginobaudino.it\\\/abbigliamento\\\/#website\",\"url\":\"https:\\\/\\\/www.ginobaudino.it\\\/abbigliamento\\\/\",\"name\":\"Abbigliamento Torino\",\"description\":\"Abbigliamento uomo, donna e accessori\",\"potentialAction\":[{\"@type\":\"SearchAction\",\"target\":{\"@type\":\"EntryPoint\",\"urlTemplate\":\"https:\\\/\\\/www.ginobaudino.it\\\/abbigliamento\\\/?s={search_term_string}\"},\"query-input\":{\"@type\":\"PropertyValueSpecification\",\"valueRequired\":true,\"valueName\":\"search_term_string\"}}],\"inLanguage\":\"it-IT\"},{\"@type\":\"Person\",\"@id\":\"https:\\\/\\\/www.ginobaudino.it\\\/abbigliamento\\\/#\\\/schema\\\/person\\\/3bd3dd4899869bd1079b397be8b23749\",\"name\":\"baudino\",\"url\":\"https:\\\/\\\/www.ginobaudino.it\\\/abbigliamento\\\/author\\\/baudino\\\/\"}]}<\/script>\n<!-- \/ Yoast SEO plugin. -->","yoast_head_json":{"title":"Nuova collezione Vicario 5","description":"Nuova collezione Vicario 5 a Torino da Gino Baudino in via Pigafetta 49\/g gli ultimi arrivi in fatto di abiti donna e caban colorati.","robots":{"index":"index","follow":"follow","max-snippet":"max-snippet:-1","max-image-preview":"max-image-preview:large","max-video-preview":"max-video-preview:-1"},"canonical":"https:\/\/www.ginobaudino.it\/abbigliamento\/nuova-collezione-vicario-5\/","og_locale":"it_IT","og_type":"article","og_title":"Nuova collezione Vicario 5","og_description":"Nuova collezione Vicario 5 a Torino da Gino Baudino in via Pigafetta 49\/g gli ultimi arrivi in fatto di abiti donna e caban colorati.","og_url":"https:\/\/www.ginobaudino.it\/abbigliamento\/nuova-collezione-vicario-5\/","og_site_name":"Abbigliamento Torino","article_published_time":"2024-09-30T15:57:18+00:00","article_modified_time":"2025-12-12T18:02:51+00:00","og_image":[{"width":1080,"height":1080,"url":"https:\/\/www.ginobaudino.it\/abbigliamento\/wp-content\/uploads\/2024\/09\/cat_abiti_fw24.jpg","type":"image\/jpeg"}],"author":"baudino","twitter_card":"summary_large_image","twitter_misc":{"Scritto da":"baudino","Tempo di lettura stimato":"2 minuti"},"schema":{"@context":"https:\/\/schema.org","@graph":[{"@type":"Article","@id":"https:\/\/www.ginobaudino.it\/abbigliamento\/nuova-collezione-vicario-5\/#article","isPartOf":{"@id":"https:\/\/www.ginobaudino.it\/abbigliamento\/nuova-collezione-vicario-5\/"},"author":{"name":"baudino","@id":"https:\/\/www.ginobaudino.it\/abbigliamento\/#\/schema\/person\/3bd3dd4899869bd1079b397be8b23749"},"headline":"Nuova collezione Vicario 5","datePublished":"2024-09-30T15:57:18+00:00","dateModified":"2025-12-12T18:02:51+00:00","mainEntityOfPage":{"@id":"https:\/\/www.ginobaudino.it\/abbigliamento\/nuova-collezione-vicario-5\/"},"wordCount":165,"image":{"@id":"https:\/\/www.ginobaudino.it\/abbigliamento\/nuova-collezione-vicario-5\/#primaryimage"},"thumbnailUrl":"https:\/\/www.ginobaudino.it\/abbigliamento\/wp-content\/uploads\/2024\/09\/cat_abiti_fw24.jpg","keywords":["Abiti Vicario 5 Torino","Collezione Vicario 5 negozi a Torino","negozi abiti donna Torino"],"articleSection":["abbigliamento donna","vicario cinque"],"inLanguage":"it-IT"},{"@type":"WebPage","@id":"https:\/\/www.ginobaudino.it\/abbigliamento\/nuova-collezione-vicario-5\/","url":"https:\/\/www.ginobaudino.it\/abbigliamento\/nuova-collezione-vicario-5\/","name":"Nuova collezione Vicario 5","isPartOf":{"@id":"https:\/\/www.ginobaudino.it\/abbigliamento\/#website"},"primaryImageOfPage":{"@id":"https:\/\/www.ginobaudino.it\/abbigliamento\/nuova-collezione-vicario-5\/#primaryimage"},"image":{"@id":"https:\/\/www.ginobaudino.it\/abbigliamento\/nuova-collezione-vicario-5\/#primaryimage"},"thumbnailUrl":"https:\/\/www.ginobaudino.it\/abbigliamento\/wp-content\/uploads\/2024\/09\/cat_abiti_fw24.jpg","datePublished":"2024-09-30T15:57:18+00:00","dateModified":"2025-12-12T18:02:51+00:00","author":{"@id":"https:\/\/www.ginobaudino.it\/abbigliamento\/#\/schema\/person\/3bd3dd4899869bd1079b397be8b23749"},"description":"Nuova collezione Vicario 5 a Torino da Gino Baudino in via Pigafetta 49\/g gli ultimi arrivi in fatto di abiti donna e caban colorati.","breadcrumb":{"@id":"https:\/\/www.ginobaudino.it\/abbigliamento\/nuova-collezione-vicario-5\/#breadcrumb"},"inLanguage":"it-IT","potentialAction":[{"@type":"ReadAction","target":["https:\/\/www.ginobaudino.it\/abbigliamento\/nuova-collezione-vicario-5\/"]}]},{"@type":"ImageObject","inLanguage":"it-IT","@id":"https:\/\/www.ginobaudino.it\/abbigliamento\/nuova-collezione-vicario-5\/#primaryimage","url":"https:\/\/www.ginobaudino.it\/abbigliamento\/wp-content\/uploads\/2024\/09\/cat_abiti_fw24.jpg","contentUrl":"https:\/\/www.ginobaudino.it\/abbigliamento\/wp-content\/uploads\/2024\/09\/cat_abiti_fw24.jpg","width":1080,"height":1080},{"@type":"BreadcrumbList","@id":"https:\/\/www.ginobaudino.it\/abbigliamento\/nuova-collezione-vicario-5\/#breadcrumb","itemListElement":[{"@type":"ListItem","position":1,"name":"Home","item":"https:\/\/www.ginobaudino.it\/abbigliamento\/"},{"@type":"ListItem","position":2,"name":"Nuova collezione Vicario 5"}]},{"@type":"WebSite","@id":"https:\/\/www.ginobaudino.it\/abbigliamento\/#website","url":"https:\/\/www.ginobaudino.it\/abbigliamento\/","name":"Abbigliamento Torino","description":"Abbigliamento uomo, donna e accessori","potentialAction":[{"@type":"SearchAction","target":{"@type":"EntryPoint","urlTemplate":"https:\/\/www.ginobaudino.it\/abbigliamento\/?s={search_term_string}"},"query-input":{"@type":"PropertyValueSpecification","valueRequired":true,"valueName":"search_term_string"}}],"inLanguage":"it-IT"},{"@type":"Person","@id":"https:\/\/www.ginobaudino.it\/abbigliamento\/#\/schema\/person\/3bd3dd4899869bd1079b397be8b23749","name":"baudino","url":"https:\/\/www.ginobaudino.it\/abbigliamento\/author\/baudino\/"}]}},"_links":{"self":[{"href":"https:\/\/www.ginobaudino.it\/abbigliamento\/wp-json\/wp\/v2\/posts\/16024","targetHints":{"allow":["GET"]}}],"collection":[{"href":"https:\/\/www.ginobaudino.it\/abbigliamento\/wp-json\/wp\/v2\/posts"}],"about":[{"href":"https:\/\/www.ginobaudino.it\/abbigliamento\/wp-json\/wp\/v2\/types\/post"}],"author":[{"embeddable":true,"href":"https:\/\/www.ginobaudino.it\/abbigliamento\/wp-json\/wp\/v2\/users\/2"}],"replies":[{"embeddable":true,"href":"https:\/\/www.ginobaudino.it\/abbigliamento\/wp-json\/wp\/v2\/comments?post=16024"}],"version-history":[{"count":4,"href":"https:\/\/www.ginobaudino.it\/abbigliamento\/wp-json\/wp\/v2\/posts\/16024\/revisions"}],"predecessor-version":[{"id":17259,"href":"https:\/\/www.ginobaudino.it\/abbigliamento\/wp-json\/wp\/v2\/posts\/16024\/revisions\/17259"}],"wp:featuredmedia":[{"embeddable":true,"href":"https:\/\/www.ginobaudino.it\/abbigliamento\/wp-json\/wp\/v2\/media\/16028"}],"wp:attachment":[{"href":"https:\/\/www.ginobaudino.it\/abbigliamento\/wp-json\/wp\/v2\/media?parent=16024"}],"wp:term":[{"taxonomy":"category","embeddable":true,"href":"https:\/\/www.ginobaudino.it\/abbigliamento\/wp-json\/wp\/v2\/categories?post=16024"},{"taxonomy":"post_tag","embeddable":true,"href":"https:\/\/www.ginobaudino.it\/abbigliamento\/wp-json\/wp\/v2\/tags?post=16024"}],"curies":[{"name":"wp","href":"https:\/\/api.w.org\/{rel}","templated":true}]}}