{"id":15895,"date":"2024-07-19T11:02:36","date_gmt":"2024-07-19T09:02:36","guid":{"rendered":"https:\/\/www.ginobaudino.it\/abbigliamento\/?p=15895"},"modified":"2026-03-12T17:23:08","modified_gmt":"2026-03-12T16:23:08","slug":"cravatte-papillon-bretelle-plastron-a-torino","status":"publish","type":"post","link":"https:\/\/www.ginobaudino.it\/abbigliamento\/cravatte-papillon-bretelle-plastron-a-torino\/","title":{"rendered":"Cravatte papillon bretelle plastron a Torino"},"content":{"rendered":"<p>Cravatte papillon bretelle <a href=\"https:\/\/it.wikipedia.org\/wiki\/Plastron\">plastron<\/a> a Torino. E&#8217; risaputo che il giusto accessorio fornisce al nostro outfit un tocco importante. State attenti nella scelta. Un tocco di originalit\u00e0 \u00e8 sempre apprezzato, ma non bisogna esagerare. Il rischio di cadere nel pacchiano \u00e8 sempre dietro l&#8217;angolo. <a href=\"https:\/\/www.ginobaudino.it\/abbigliamento\/marchi\/accessori\/\">Gino Baudino<\/a> ti propone delle soluzioni per cravatte papillon e bretelle che\u00a0 spaziano dal classico gusto subalpino fino ad abbinamenti pi\u00f9 arditi. La parola d&#8217;ordine per\u00f2 \u00e8: buon gusto. Le cravatte si presentano con una larghezza al fondo da 5.5 centimetri a 8. I papillon possono essere gi\u00e0 pronti o da annodare (eventualmente con un tutorial per quelli meno esperti). Il plastron \u00e8 tipico delle proposte matrimonio, mentre le bretelle assolvono sia un compito di praticit\u00e0 (ideali per tenere su i pantaloni) sia di originale eleganza. I marchi sono i pi\u00f9 svariati. Canali, Tagliatore, Digel, Manuel Ritz, Gino Baudino ed altri. Come sempre ottimi i prezzi, pur considerando i materiali utilizzati: non solo sete, ma anche cotoni, lini, viscose e legno o sughero.<\/p>\n<p><img loading=\"lazy\" decoding=\"async\" class=\"aligncenter size-large wp-image-15896\" src=\"https:\/\/www.ginobaudino.it\/abbigliamento\/wp-content\/uploads\/2024\/07\/IMG_20240719_093801-769x1024.jpg\" alt=\"\" width=\"769\" height=\"1024\" srcset=\"https:\/\/www.ginobaudino.it\/abbigliamento\/wp-content\/uploads\/2024\/07\/IMG_20240719_093801-769x1024.jpg 769w, https:\/\/www.ginobaudino.it\/abbigliamento\/wp-content\/uploads\/2024\/07\/IMG_20240719_093801-225x300.jpg 225w, https:\/\/www.ginobaudino.it\/abbigliamento\/wp-content\/uploads\/2024\/07\/IMG_20240719_093801-768x1023.jpg 768w, https:\/\/www.ginobaudino.it\/abbigliamento\/wp-content\/uploads\/2024\/07\/IMG_20240719_093801-1153x1536.jpg 1153w, https:\/\/www.ginobaudino.it\/abbigliamento\/wp-content\/uploads\/2024\/07\/IMG_20240719_093801-1538x2048.jpg 1538w, https:\/\/www.ginobaudino.it\/abbigliamento\/wp-content\/uploads\/2024\/07\/IMG_20240719_093801-700x932.jpg 700w, https:\/\/www.ginobaudino.it\/abbigliamento\/wp-content\/uploads\/2024\/07\/IMG_20240719_093801-scaled.jpg 1922w\" sizes=\"auto, (max-width: 769px) 100vw, 769px\" \/><\/p>\n<p><img loading=\"lazy\" decoding=\"async\" class=\"aligncenter size-large wp-image-15897\" src=\"https:\/\/www.ginobaudino.it\/abbigliamento\/wp-content\/uploads\/2024\/07\/IMG_20240719_093809-769x1024.jpg\" alt=\"\" width=\"769\" height=\"1024\" srcset=\"https:\/\/www.ginobaudino.it\/abbigliamento\/wp-content\/uploads\/2024\/07\/IMG_20240719_093809-769x1024.jpg 769w, https:\/\/www.ginobaudino.it\/abbigliamento\/wp-content\/uploads\/2024\/07\/IMG_20240719_093809-225x300.jpg 225w, https:\/\/www.ginobaudino.it\/abbigliamento\/wp-content\/uploads\/2024\/07\/IMG_20240719_093809-768x1023.jpg 768w, https:\/\/www.ginobaudino.it\/abbigliamento\/wp-content\/uploads\/2024\/07\/IMG_20240719_093809-1153x1536.jpg 1153w, https:\/\/www.ginobaudino.it\/abbigliamento\/wp-content\/uploads\/2024\/07\/IMG_20240719_093809-1538x2048.jpg 1538w, https:\/\/www.ginobaudino.it\/abbigliamento\/wp-content\/uploads\/2024\/07\/IMG_20240719_093809-700x932.jpg 700w, https:\/\/www.ginobaudino.it\/abbigliamento\/wp-content\/uploads\/2024\/07\/IMG_20240719_093809-scaled.jpg 1922w\" sizes=\"auto, (max-width: 769px) 100vw, 769px\" \/><img loading=\"lazy\" decoding=\"async\" class=\"aligncenter size-large wp-image-15898\" src=\"https:\/\/www.ginobaudino.it\/abbigliamento\/wp-content\/uploads\/2024\/07\/IMG_20240719_093819-769x1024.jpg\" alt=\"\" width=\"769\" height=\"1024\" srcset=\"https:\/\/www.ginobaudino.it\/abbigliamento\/wp-content\/uploads\/2024\/07\/IMG_20240719_093819-769x1024.jpg 769w, https:\/\/www.ginobaudino.it\/abbigliamento\/wp-content\/uploads\/2024\/07\/IMG_20240719_093819-225x300.jpg 225w, https:\/\/www.ginobaudino.it\/abbigliamento\/wp-content\/uploads\/2024\/07\/IMG_20240719_093819-768x1023.jpg 768w, https:\/\/www.ginobaudino.it\/abbigliamento\/wp-content\/uploads\/2024\/07\/IMG_20240719_093819-1153x1536.jpg 1153w, https:\/\/www.ginobaudino.it\/abbigliamento\/wp-content\/uploads\/2024\/07\/IMG_20240719_093819-1538x2048.jpg 1538w, https:\/\/www.ginobaudino.it\/abbigliamento\/wp-content\/uploads\/2024\/07\/IMG_20240719_093819-700x932.jpg 700w, https:\/\/www.ginobaudino.it\/abbigliamento\/wp-content\/uploads\/2024\/07\/IMG_20240719_093819-scaled.jpg 1922w\" sizes=\"auto, (max-width: 769px) 100vw, 769px\" \/><\/p>\n<p><img loading=\"lazy\" decoding=\"async\" class=\"aligncenter size-large wp-image-15899\" src=\"https:\/\/www.ginobaudino.it\/abbigliamento\/wp-content\/uploads\/2024\/07\/IMG_20240719_094014-769x1024.jpg\" alt=\"\" width=\"769\" height=\"1024\" srcset=\"https:\/\/www.ginobaudino.it\/abbigliamento\/wp-content\/uploads\/2024\/07\/IMG_20240719_094014-769x1024.jpg 769w, https:\/\/www.ginobaudino.it\/abbigliamento\/wp-content\/uploads\/2024\/07\/IMG_20240719_094014-225x300.jpg 225w, https:\/\/www.ginobaudino.it\/abbigliamento\/wp-content\/uploads\/2024\/07\/IMG_20240719_094014-768x1023.jpg 768w, https:\/\/www.ginobaudino.it\/abbigliamento\/wp-content\/uploads\/2024\/07\/IMG_20240719_094014-1153x1536.jpg 1153w, https:\/\/www.ginobaudino.it\/abbigliamento\/wp-content\/uploads\/2024\/07\/IMG_20240719_094014-1538x2048.jpg 1538w, https:\/\/www.ginobaudino.it\/abbigliamento\/wp-content\/uploads\/2024\/07\/IMG_20240719_094014-700x932.jpg 700w, https:\/\/www.ginobaudino.it\/abbigliamento\/wp-content\/uploads\/2024\/07\/IMG_20240719_094014-scaled.jpg 1922w\" sizes=\"auto, (max-width: 769px) 100vw, 769px\" \/><\/p>\n","protected":false},"excerpt":{"rendered":"<p>Cravatte papillon bretelle plastron a Torino. E&#8217; risaputo che il giusto accessorio fornisce al nostro outfit un tocco importante. State attenti nella scelta. Un tocco di originalit\u00e0 \u00e8 sempre apprezzato, ma non bisogna esagerare. Il rischio di cadere nel pacchiano \u00e8 sempre dietro l&#8217;angolo. Gino Baudino ti propone delle soluzioni per cravatte papillon e bretelle [&hellip;]<\/p>\n","protected":false},"author":2,"featured_media":15900,"comment_status":"closed","ping_status":"open","sticky":false,"template":"","format":"standard","meta":{"footnotes":""},"categories":[60,59,92,101,1177],"tags":[185,3197,3198,3199],"class_list":["post-15895","post","type-post","status-publish","format-standard","has-post-thumbnail","hentry","category-abbigliamento-uomo","category-accessori","category-cerimonia","category-digel","category-lauree-e-feste","tag-accessori-abbigliamento-torino","tag-cravatte-torino","tag-negozi-papillon-torino","tag-plastron-cerimonia-piemonte-torino"],"yoast_head":"<!-- This site is optimized with the Yoast SEO plugin v27.4 - https:\/\/yoast.com\/product\/yoast-seo-wordpress\/ -->\n<title>Cravatte papillon bretelle plastron a Torino<\/title>\n<meta name=\"description\" content=\"Cravatte papillon bretelle plastron a Torino da Gino Baudino in zona Crocetta. Canali Tagliatore Digel GB Manuel Ritz ed altri marchi.\" \/>\n<meta name=\"robots\" content=\"index, follow, max-snippet:-1, max-image-preview:large, max-video-preview:-1\" \/>\n<link rel=\"canonical\" href=\"https:\/\/www.ginobaudino.it\/abbigliamento\/cravatte-papillon-bretelle-plastron-a-torino\/\" \/>\n<meta property=\"og:locale\" content=\"it_IT\" \/>\n<meta property=\"og:type\" content=\"article\" \/>\n<meta property=\"og:title\" content=\"Cravatte papillon bretelle plastron a Torino\" \/>\n<meta property=\"og:description\" content=\"Cravatte papillon bretelle plastron a Torino da Gino Baudino in zona Crocetta. Canali Tagliatore Digel GB Manuel Ritz ed altri marchi.\" \/>\n<meta property=\"og:url\" content=\"https:\/\/www.ginobaudino.it\/abbigliamento\/cravatte-papillon-bretelle-plastron-a-torino\/\" \/>\n<meta property=\"og:site_name\" content=\"Abbigliamento Torino\" \/>\n<meta property=\"article:published_time\" content=\"2024-07-19T09:02:36+00:00\" \/>\n<meta property=\"article:modified_time\" content=\"2026-03-12T16:23:08+00:00\" \/>\n<meta property=\"og:image\" content=\"https:\/\/www.ginobaudino.it\/abbigliamento\/wp-content\/uploads\/2024\/07\/IMG_20240719_093934-scaled.jpg\" \/>\n\t<meta property=\"og:image:width\" content=\"1922\" \/>\n\t<meta property=\"og:image:height\" content=\"2560\" \/>\n\t<meta property=\"og:image:type\" content=\"image\/jpeg\" \/>\n<meta name=\"author\" content=\"baudino\" \/>\n<meta name=\"twitter:card\" content=\"summary_large_image\" \/>\n<meta name=\"twitter:label1\" content=\"Scritto da\" \/>\n\t<meta name=\"twitter:data1\" content=\"baudino\" \/>\n\t<meta name=\"twitter:label2\" content=\"Tempo di lettura stimato\" \/>\n\t<meta name=\"twitter:data2\" content=\"2 minuti\" \/>\n<script type=\"application\/ld+json\" class=\"yoast-schema-graph\">{\"@context\":\"https:\\\/\\\/schema.org\",\"@graph\":[{\"@type\":\"Article\",\"@id\":\"https:\\\/\\\/www.ginobaudino.it\\\/abbigliamento\\\/cravatte-papillon-bretelle-plastron-a-torino\\\/#article\",\"isPartOf\":{\"@id\":\"https:\\\/\\\/www.ginobaudino.it\\\/abbigliamento\\\/cravatte-papillon-bretelle-plastron-a-torino\\\/\"},\"author\":{\"name\":\"baudino\",\"@id\":\"https:\\\/\\\/www.ginobaudino.it\\\/abbigliamento\\\/#\\\/schema\\\/person\\\/3bd3dd4899869bd1079b397be8b23749\"},\"headline\":\"Cravatte papillon bretelle plastron a Torino\",\"datePublished\":\"2024-07-19T09:02:36+00:00\",\"dateModified\":\"2026-03-12T16:23:08+00:00\",\"mainEntityOfPage\":{\"@id\":\"https:\\\/\\\/www.ginobaudino.it\\\/abbigliamento\\\/cravatte-papillon-bretelle-plastron-a-torino\\\/\"},\"wordCount\":169,\"image\":{\"@id\":\"https:\\\/\\\/www.ginobaudino.it\\\/abbigliamento\\\/cravatte-papillon-bretelle-plastron-a-torino\\\/#primaryimage\"},\"thumbnailUrl\":\"https:\\\/\\\/www.ginobaudino.it\\\/abbigliamento\\\/wp-content\\\/uploads\\\/2024\\\/07\\\/IMG_20240719_093934-scaled.jpg\",\"keywords\":[\"accessori abbigliamento torino\",\"Cravatte Torino\",\"negozi papillon Torino\",\"plastron cerimonia piemonte torino\"],\"articleSection\":[\"abbigliamento uomo\",\"accessori\",\"Cerimonia\",\"Digel\",\"Lauree e Feste\"],\"inLanguage\":\"it-IT\"},{\"@type\":\"WebPage\",\"@id\":\"https:\\\/\\\/www.ginobaudino.it\\\/abbigliamento\\\/cravatte-papillon-bretelle-plastron-a-torino\\\/\",\"url\":\"https:\\\/\\\/www.ginobaudino.it\\\/abbigliamento\\\/cravatte-papillon-bretelle-plastron-a-torino\\\/\",\"name\":\"Cravatte papillon bretelle plastron a Torino\",\"isPartOf\":{\"@id\":\"https:\\\/\\\/www.ginobaudino.it\\\/abbigliamento\\\/#website\"},\"primaryImageOfPage\":{\"@id\":\"https:\\\/\\\/www.ginobaudino.it\\\/abbigliamento\\\/cravatte-papillon-bretelle-plastron-a-torino\\\/#primaryimage\"},\"image\":{\"@id\":\"https:\\\/\\\/www.ginobaudino.it\\\/abbigliamento\\\/cravatte-papillon-bretelle-plastron-a-torino\\\/#primaryimage\"},\"thumbnailUrl\":\"https:\\\/\\\/www.ginobaudino.it\\\/abbigliamento\\\/wp-content\\\/uploads\\\/2024\\\/07\\\/IMG_20240719_093934-scaled.jpg\",\"datePublished\":\"2024-07-19T09:02:36+00:00\",\"dateModified\":\"2026-03-12T16:23:08+00:00\",\"author\":{\"@id\":\"https:\\\/\\\/www.ginobaudino.it\\\/abbigliamento\\\/#\\\/schema\\\/person\\\/3bd3dd4899869bd1079b397be8b23749\"},\"description\":\"Cravatte papillon bretelle plastron a Torino da Gino Baudino in zona Crocetta. Canali Tagliatore Digel GB Manuel Ritz ed altri marchi.\",\"breadcrumb\":{\"@id\":\"https:\\\/\\\/www.ginobaudino.it\\\/abbigliamento\\\/cravatte-papillon-bretelle-plastron-a-torino\\\/#breadcrumb\"},\"inLanguage\":\"it-IT\",\"potentialAction\":[{\"@type\":\"ReadAction\",\"target\":[\"https:\\\/\\\/www.ginobaudino.it\\\/abbigliamento\\\/cravatte-papillon-bretelle-plastron-a-torino\\\/\"]}]},{\"@type\":\"ImageObject\",\"inLanguage\":\"it-IT\",\"@id\":\"https:\\\/\\\/www.ginobaudino.it\\\/abbigliamento\\\/cravatte-papillon-bretelle-plastron-a-torino\\\/#primaryimage\",\"url\":\"https:\\\/\\\/www.ginobaudino.it\\\/abbigliamento\\\/wp-content\\\/uploads\\\/2024\\\/07\\\/IMG_20240719_093934-scaled.jpg\",\"contentUrl\":\"https:\\\/\\\/www.ginobaudino.it\\\/abbigliamento\\\/wp-content\\\/uploads\\\/2024\\\/07\\\/IMG_20240719_093934-scaled.jpg\",\"width\":1922,\"height\":2560},{\"@type\":\"BreadcrumbList\",\"@id\":\"https:\\\/\\\/www.ginobaudino.it\\\/abbigliamento\\\/cravatte-papillon-bretelle-plastron-a-torino\\\/#breadcrumb\",\"itemListElement\":[{\"@type\":\"ListItem\",\"position\":1,\"name\":\"Home\",\"item\":\"https:\\\/\\\/www.ginobaudino.it\\\/abbigliamento\\\/\"},{\"@type\":\"ListItem\",\"position\":2,\"name\":\"Cravatte papillon bretelle plastron a Torino\"}]},{\"@type\":\"WebSite\",\"@id\":\"https:\\\/\\\/www.ginobaudino.it\\\/abbigliamento\\\/#website\",\"url\":\"https:\\\/\\\/www.ginobaudino.it\\\/abbigliamento\\\/\",\"name\":\"Abbigliamento Torino\",\"description\":\"Abbigliamento uomo, donna e accessori\",\"potentialAction\":[{\"@type\":\"SearchAction\",\"target\":{\"@type\":\"EntryPoint\",\"urlTemplate\":\"https:\\\/\\\/www.ginobaudino.it\\\/abbigliamento\\\/?s={search_term_string}\"},\"query-input\":{\"@type\":\"PropertyValueSpecification\",\"valueRequired\":true,\"valueName\":\"search_term_string\"}}],\"inLanguage\":\"it-IT\"},{\"@type\":\"Person\",\"@id\":\"https:\\\/\\\/www.ginobaudino.it\\\/abbigliamento\\\/#\\\/schema\\\/person\\\/3bd3dd4899869bd1079b397be8b23749\",\"name\":\"baudino\",\"url\":\"https:\\\/\\\/www.ginobaudino.it\\\/abbigliamento\\\/author\\\/baudino\\\/\"}]}<\/script>\n<!-- \/ Yoast SEO plugin. -->","yoast_head_json":{"title":"Cravatte papillon bretelle plastron a Torino","description":"Cravatte papillon bretelle plastron a Torino da Gino Baudino in zona Crocetta. Canali Tagliatore Digel GB Manuel Ritz ed altri marchi.","robots":{"index":"index","follow":"follow","max-snippet":"max-snippet:-1","max-image-preview":"max-image-preview:large","max-video-preview":"max-video-preview:-1"},"canonical":"https:\/\/www.ginobaudino.it\/abbigliamento\/cravatte-papillon-bretelle-plastron-a-torino\/","og_locale":"it_IT","og_type":"article","og_title":"Cravatte papillon bretelle plastron a Torino","og_description":"Cravatte papillon bretelle plastron a Torino da Gino Baudino in zona Crocetta. Canali Tagliatore Digel GB Manuel Ritz ed altri marchi.","og_url":"https:\/\/www.ginobaudino.it\/abbigliamento\/cravatte-papillon-bretelle-plastron-a-torino\/","og_site_name":"Abbigliamento Torino","article_published_time":"2024-07-19T09:02:36+00:00","article_modified_time":"2026-03-12T16:23:08+00:00","og_image":[{"width":1922,"height":2560,"url":"https:\/\/www.ginobaudino.it\/abbigliamento\/wp-content\/uploads\/2024\/07\/IMG_20240719_093934-scaled.jpg","type":"image\/jpeg"}],"author":"baudino","twitter_card":"summary_large_image","twitter_misc":{"Scritto da":"baudino","Tempo di lettura stimato":"2 minuti"},"schema":{"@context":"https:\/\/schema.org","@graph":[{"@type":"Article","@id":"https:\/\/www.ginobaudino.it\/abbigliamento\/cravatte-papillon-bretelle-plastron-a-torino\/#article","isPartOf":{"@id":"https:\/\/www.ginobaudino.it\/abbigliamento\/cravatte-papillon-bretelle-plastron-a-torino\/"},"author":{"name":"baudino","@id":"https:\/\/www.ginobaudino.it\/abbigliamento\/#\/schema\/person\/3bd3dd4899869bd1079b397be8b23749"},"headline":"Cravatte papillon bretelle plastron a Torino","datePublished":"2024-07-19T09:02:36+00:00","dateModified":"2026-03-12T16:23:08+00:00","mainEntityOfPage":{"@id":"https:\/\/www.ginobaudino.it\/abbigliamento\/cravatte-papillon-bretelle-plastron-a-torino\/"},"wordCount":169,"image":{"@id":"https:\/\/www.ginobaudino.it\/abbigliamento\/cravatte-papillon-bretelle-plastron-a-torino\/#primaryimage"},"thumbnailUrl":"https:\/\/www.ginobaudino.it\/abbigliamento\/wp-content\/uploads\/2024\/07\/IMG_20240719_093934-scaled.jpg","keywords":["accessori abbigliamento torino","Cravatte Torino","negozi papillon Torino","plastron cerimonia piemonte torino"],"articleSection":["abbigliamento uomo","accessori","Cerimonia","Digel","Lauree e Feste"],"inLanguage":"it-IT"},{"@type":"WebPage","@id":"https:\/\/www.ginobaudino.it\/abbigliamento\/cravatte-papillon-bretelle-plastron-a-torino\/","url":"https:\/\/www.ginobaudino.it\/abbigliamento\/cravatte-papillon-bretelle-plastron-a-torino\/","name":"Cravatte papillon bretelle plastron a Torino","isPartOf":{"@id":"https:\/\/www.ginobaudino.it\/abbigliamento\/#website"},"primaryImageOfPage":{"@id":"https:\/\/www.ginobaudino.it\/abbigliamento\/cravatte-papillon-bretelle-plastron-a-torino\/#primaryimage"},"image":{"@id":"https:\/\/www.ginobaudino.it\/abbigliamento\/cravatte-papillon-bretelle-plastron-a-torino\/#primaryimage"},"thumbnailUrl":"https:\/\/www.ginobaudino.it\/abbigliamento\/wp-content\/uploads\/2024\/07\/IMG_20240719_093934-scaled.jpg","datePublished":"2024-07-19T09:02:36+00:00","dateModified":"2026-03-12T16:23:08+00:00","author":{"@id":"https:\/\/www.ginobaudino.it\/abbigliamento\/#\/schema\/person\/3bd3dd4899869bd1079b397be8b23749"},"description":"Cravatte papillon bretelle plastron a Torino da Gino Baudino in zona Crocetta. Canali Tagliatore Digel GB Manuel Ritz ed altri marchi.","breadcrumb":{"@id":"https:\/\/www.ginobaudino.it\/abbigliamento\/cravatte-papillon-bretelle-plastron-a-torino\/#breadcrumb"},"inLanguage":"it-IT","potentialAction":[{"@type":"ReadAction","target":["https:\/\/www.ginobaudino.it\/abbigliamento\/cravatte-papillon-bretelle-plastron-a-torino\/"]}]},{"@type":"ImageObject","inLanguage":"it-IT","@id":"https:\/\/www.ginobaudino.it\/abbigliamento\/cravatte-papillon-bretelle-plastron-a-torino\/#primaryimage","url":"https:\/\/www.ginobaudino.it\/abbigliamento\/wp-content\/uploads\/2024\/07\/IMG_20240719_093934-scaled.jpg","contentUrl":"https:\/\/www.ginobaudino.it\/abbigliamento\/wp-content\/uploads\/2024\/07\/IMG_20240719_093934-scaled.jpg","width":1922,"height":2560},{"@type":"BreadcrumbList","@id":"https:\/\/www.ginobaudino.it\/abbigliamento\/cravatte-papillon-bretelle-plastron-a-torino\/#breadcrumb","itemListElement":[{"@type":"ListItem","position":1,"name":"Home","item":"https:\/\/www.ginobaudino.it\/abbigliamento\/"},{"@type":"ListItem","position":2,"name":"Cravatte papillon bretelle plastron a Torino"}]},{"@type":"WebSite","@id":"https:\/\/www.ginobaudino.it\/abbigliamento\/#website","url":"https:\/\/www.ginobaudino.it\/abbigliamento\/","name":"Abbigliamento Torino","description":"Abbigliamento uomo, donna e accessori","potentialAction":[{"@type":"SearchAction","target":{"@type":"EntryPoint","urlTemplate":"https:\/\/www.ginobaudino.it\/abbigliamento\/?s={search_term_string}"},"query-input":{"@type":"PropertyValueSpecification","valueRequired":true,"valueName":"search_term_string"}}],"inLanguage":"it-IT"},{"@type":"Person","@id":"https:\/\/www.ginobaudino.it\/abbigliamento\/#\/schema\/person\/3bd3dd4899869bd1079b397be8b23749","name":"baudino","url":"https:\/\/www.ginobaudino.it\/abbigliamento\/author\/baudino\/"}]}},"_links":{"self":[{"href":"https:\/\/www.ginobaudino.it\/abbigliamento\/wp-json\/wp\/v2\/posts\/15895","targetHints":{"allow":["GET"]}}],"collection":[{"href":"https:\/\/www.ginobaudino.it\/abbigliamento\/wp-json\/wp\/v2\/posts"}],"about":[{"href":"https:\/\/www.ginobaudino.it\/abbigliamento\/wp-json\/wp\/v2\/types\/post"}],"author":[{"embeddable":true,"href":"https:\/\/www.ginobaudino.it\/abbigliamento\/wp-json\/wp\/v2\/users\/2"}],"replies":[{"embeddable":true,"href":"https:\/\/www.ginobaudino.it\/abbigliamento\/wp-json\/wp\/v2\/comments?post=15895"}],"version-history":[{"count":2,"href":"https:\/\/www.ginobaudino.it\/abbigliamento\/wp-json\/wp\/v2\/posts\/15895\/revisions"}],"predecessor-version":[{"id":15902,"href":"https:\/\/www.ginobaudino.it\/abbigliamento\/wp-json\/wp\/v2\/posts\/15895\/revisions\/15902"}],"wp:featuredmedia":[{"embeddable":true,"href":"https:\/\/www.ginobaudino.it\/abbigliamento\/wp-json\/wp\/v2\/media\/15900"}],"wp:attachment":[{"href":"https:\/\/www.ginobaudino.it\/abbigliamento\/wp-json\/wp\/v2\/media?parent=15895"}],"wp:term":[{"taxonomy":"category","embeddable":true,"href":"https:\/\/www.ginobaudino.it\/abbigliamento\/wp-json\/wp\/v2\/categories?post=15895"},{"taxonomy":"post_tag","embeddable":true,"href":"https:\/\/www.ginobaudino.it\/abbigliamento\/wp-json\/wp\/v2\/tags?post=15895"}],"curies":[{"name":"wp","href":"https:\/\/api.w.org\/{rel}","templated":true}]}}