{"id":15210,"date":"2024-09-04T18:07:38","date_gmt":"2024-09-04T16:07:38","guid":{"rendered":"https:\/\/www.ginobaudino.it\/abbigliamento\/?p=15210"},"modified":"2025-03-26T15:37:37","modified_gmt":"2025-03-26T14:37:37","slug":"mantella-camoscio-blu-adele","status":"publish","type":"post","link":"https:\/\/www.ginobaudino.it\/abbigliamento\/mantella-camoscio-blu-adele\/","title":{"rendered":"Mantella camoscio Jackie"},"content":{"rendered":"<p>Jack sta diventando sempre pi\u00f9 leader nel settore della vera pelle di qualit\u00e0 in Italia, riuscendo a essere un marchio pi\u00f9 competitivo anche nei prezzi rispetto ai suoi competitor.<\/p>\n<p>Molto interessante \u00e8 questa bella mantella dotata di piumino e inserti in maglia, modello denominato Adele. Elegante e moderna,\u00a0 raccoglie in s\u00e8 tre capi in uno, infatti anche il piumino in ovatta termica pu\u00f2 essere usato da solo come 100 grammi.<\/p>\n<p>La parte frontale \u00e8 realizzata in vero camoscio tasche a filo, mentre quella posteriore \u00e8 in maglia, cos\u00ec come il maxi collo a coste. Vestibilit\u00e0 molto attuale un po&#8217; over. Disponibile anche la variante con il retro anch&#8217;esso scamosciato.<\/p>\n<p>&nbsp;<\/p>\n<p><img loading=\"lazy\" decoding=\"async\" class=\"aligncenter size-large wp-image-15213\" src=\"https:\/\/www.ginobaudino.it\/abbigliamento\/wp-content\/uploads\/2023\/10\/mantella-in-camoscio-blu-adele-2-770x1024.webp\" alt=\"\" width=\"770\" height=\"1024\" srcset=\"https:\/\/www.ginobaudino.it\/abbigliamento\/wp-content\/uploads\/2023\/10\/mantella-in-camoscio-blu-adele-2-770x1024.webp 770w, https:\/\/www.ginobaudino.it\/abbigliamento\/wp-content\/uploads\/2023\/10\/mantella-in-camoscio-blu-adele-2-226x300.webp 226w, https:\/\/www.ginobaudino.it\/abbigliamento\/wp-content\/uploads\/2023\/10\/mantella-in-camoscio-blu-adele-2-768x1021.webp 768w, https:\/\/www.ginobaudino.it\/abbigliamento\/wp-content\/uploads\/2023\/10\/mantella-in-camoscio-blu-adele-2-700x931.webp 700w, https:\/\/www.ginobaudino.it\/abbigliamento\/wp-content\/uploads\/2023\/10\/mantella-in-camoscio-blu-adele-2.webp 900w\" sizes=\"auto, (max-width: 770px) 100vw, 770px\" \/><\/p>\n<p><img loading=\"lazy\" decoding=\"async\" class=\"aligncenter size-large wp-image-15214\" src=\"https:\/\/www.ginobaudino.it\/abbigliamento\/wp-content\/uploads\/2023\/10\/mantella-in-camoscio-blu-adele-3-770x1024.webp\" alt=\"\" width=\"770\" height=\"1024\" srcset=\"https:\/\/www.ginobaudino.it\/abbigliamento\/wp-content\/uploads\/2023\/10\/mantella-in-camoscio-blu-adele-3-770x1024.webp 770w, https:\/\/www.ginobaudino.it\/abbigliamento\/wp-content\/uploads\/2023\/10\/mantella-in-camoscio-blu-adele-3-226x300.webp 226w, https:\/\/www.ginobaudino.it\/abbigliamento\/wp-content\/uploads\/2023\/10\/mantella-in-camoscio-blu-adele-3-768x1022.webp 768w, https:\/\/www.ginobaudino.it\/abbigliamento\/wp-content\/uploads\/2023\/10\/mantella-in-camoscio-blu-adele-3-1155x1536.webp 1155w, https:\/\/www.ginobaudino.it\/abbigliamento\/wp-content\/uploads\/2023\/10\/mantella-in-camoscio-blu-adele-3-700x931.webp 700w, https:\/\/www.ginobaudino.it\/abbigliamento\/wp-content\/uploads\/2023\/10\/mantella-in-camoscio-blu-adele-3.webp 1353w\" sizes=\"auto, (max-width: 770px) 100vw, 770px\" \/><\/p>\n<p><img loading=\"lazy\" decoding=\"async\" class=\"aligncenter size-large wp-image-15215\" src=\"https:\/\/www.ginobaudino.it\/abbigliamento\/wp-content\/uploads\/2023\/10\/mantella-in-camoscio-blu-adele.jpg\" alt=\"\" width=\"360\" height=\"380\" srcset=\"https:\/\/www.ginobaudino.it\/abbigliamento\/wp-content\/uploads\/2023\/10\/mantella-in-camoscio-blu-adele.jpg 360w, https:\/\/www.ginobaudino.it\/abbigliamento\/wp-content\/uploads\/2023\/10\/mantella-in-camoscio-blu-adele-284x300.jpg 284w\" sizes=\"auto, (max-width: 360px) 100vw, 360px\" \/><\/p>\n<p>&nbsp;<\/p>\n<p>&nbsp;<\/p>\n","protected":false},"excerpt":{"rendered":"<p>Jack sta diventando sempre pi\u00f9 leader nel settore della vera pelle di qualit\u00e0 in Italia, riuscendo a essere un marchio pi\u00f9 competitivo anche nei prezzi rispetto ai suoi competitor. Molto interessante \u00e8 questa bella mantella dotata di piumino e inserti in maglia, modello denominato Adele. Elegante e moderna,\u00a0 raccoglie in s\u00e8 tre capi in uno, [&hellip;]<\/p>\n","protected":false},"author":2,"featured_media":15214,"comment_status":"closed","ping_status":"open","sticky":false,"template":"","format":"standard","meta":{"footnotes":""},"categories":[70,2878],"tags":[3044,3046,3043,3045],"class_list":["post-15210","post","type-post","status-publish","format-standard","has-post-thumbnail","hentry","category-abbigliamento-donna","category-the-jack-and-the-jackie-leathers","tag-giubbotti-in-camoscio-torino","tag-mantella-camoscio-adele-the-jackie-and-the-leather","tag-mantelle-da-donna-a-torino","tag-the-jackie-and-the-leather-torino"],"yoast_head":"<!-- This site is optimized with the Yoast SEO plugin v27.4 - https:\/\/yoast.com\/product\/yoast-seo-wordpress\/ -->\n<title>Mantella camoscio blu Adele | Jackie and the leather negozi Torino<\/title>\n<meta name=\"description\" content=\"Mantella camoscio blu Adele: scopri la nuova collezione uomo e donna jack and the leather a Torino da Gino Baudino in Via Pigafetta\" \/>\n<meta name=\"robots\" content=\"index, follow, max-snippet:-1, max-image-preview:large, max-video-preview:-1\" \/>\n<link rel=\"canonical\" href=\"https:\/\/www.ginobaudino.it\/abbigliamento\/mantella-camoscio-blu-adele\/\" \/>\n<meta property=\"og:locale\" content=\"it_IT\" \/>\n<meta property=\"og:type\" content=\"article\" \/>\n<meta property=\"og:title\" content=\"Mantella camoscio blu Adele | Jackie and the leather negozi Torino\" \/>\n<meta property=\"og:description\" content=\"Mantella camoscio blu Adele: scopri la nuova collezione uomo e donna jack and the leather a Torino da Gino Baudino in Via Pigafetta\" \/>\n<meta property=\"og:url\" content=\"https:\/\/www.ginobaudino.it\/abbigliamento\/mantella-camoscio-blu-adele\/\" \/>\n<meta property=\"og:site_name\" content=\"Abbigliamento Torino\" \/>\n<meta property=\"article:published_time\" content=\"2024-09-04T16:07:38+00:00\" \/>\n<meta property=\"article:modified_time\" content=\"2025-03-26T14:37:37+00:00\" \/>\n<meta property=\"og:image\" content=\"https:\/\/www.ginobaudino.it\/abbigliamento\/wp-content\/uploads\/2023\/10\/mantella-in-camoscio-blu-adele-3.webp\" \/>\n\t<meta property=\"og:image:width\" content=\"1353\" \/>\n\t<meta property=\"og:image:height\" content=\"1800\" \/>\n\t<meta property=\"og:image:type\" content=\"image\/webp\" \/>\n<meta name=\"author\" content=\"baudino\" \/>\n<meta name=\"twitter:card\" content=\"summary_large_image\" \/>\n<meta name=\"twitter:label1\" content=\"Scritto da\" \/>\n\t<meta name=\"twitter:data1\" content=\"baudino\" \/>\n\t<meta name=\"twitter:label2\" content=\"Tempo di lettura stimato\" \/>\n\t<meta name=\"twitter:data2\" content=\"2 minuti\" \/>\n<script type=\"application\/ld+json\" class=\"yoast-schema-graph\">{\"@context\":\"https:\\\/\\\/schema.org\",\"@graph\":[{\"@type\":\"Article\",\"@id\":\"https:\\\/\\\/www.ginobaudino.it\\\/abbigliamento\\\/mantella-camoscio-blu-adele\\\/#article\",\"isPartOf\":{\"@id\":\"https:\\\/\\\/www.ginobaudino.it\\\/abbigliamento\\\/mantella-camoscio-blu-adele\\\/\"},\"author\":{\"name\":\"baudino\",\"@id\":\"https:\\\/\\\/www.ginobaudino.it\\\/abbigliamento\\\/#\\\/schema\\\/person\\\/3bd3dd4899869bd1079b397be8b23749\"},\"headline\":\"Mantella camoscio Jackie\",\"datePublished\":\"2024-09-04T16:07:38+00:00\",\"dateModified\":\"2025-03-26T14:37:37+00:00\",\"mainEntityOfPage\":{\"@id\":\"https:\\\/\\\/www.ginobaudino.it\\\/abbigliamento\\\/mantella-camoscio-blu-adele\\\/\"},\"wordCount\":112,\"image\":{\"@id\":\"https:\\\/\\\/www.ginobaudino.it\\\/abbigliamento\\\/mantella-camoscio-blu-adele\\\/#primaryimage\"},\"thumbnailUrl\":\"https:\\\/\\\/www.ginobaudino.it\\\/abbigliamento\\\/wp-content\\\/uploads\\\/2023\\\/10\\\/mantella-in-camoscio-blu-adele-3.webp\",\"keywords\":[\"giubbotti in camoscio torino\",\"Mantella camoscio Adele the jackie and the leather\",\"mantelle da donna a torino\",\"the jackie and the leather torino\"],\"articleSection\":[\"abbigliamento donna\",\"The Jack and the Jackie leathers\"],\"inLanguage\":\"it-IT\"},{\"@type\":\"WebPage\",\"@id\":\"https:\\\/\\\/www.ginobaudino.it\\\/abbigliamento\\\/mantella-camoscio-blu-adele\\\/\",\"url\":\"https:\\\/\\\/www.ginobaudino.it\\\/abbigliamento\\\/mantella-camoscio-blu-adele\\\/\",\"name\":\"Mantella camoscio blu Adele | Jackie and the leather negozi Torino\",\"isPartOf\":{\"@id\":\"https:\\\/\\\/www.ginobaudino.it\\\/abbigliamento\\\/#website\"},\"primaryImageOfPage\":{\"@id\":\"https:\\\/\\\/www.ginobaudino.it\\\/abbigliamento\\\/mantella-camoscio-blu-adele\\\/#primaryimage\"},\"image\":{\"@id\":\"https:\\\/\\\/www.ginobaudino.it\\\/abbigliamento\\\/mantella-camoscio-blu-adele\\\/#primaryimage\"},\"thumbnailUrl\":\"https:\\\/\\\/www.ginobaudino.it\\\/abbigliamento\\\/wp-content\\\/uploads\\\/2023\\\/10\\\/mantella-in-camoscio-blu-adele-3.webp\",\"datePublished\":\"2024-09-04T16:07:38+00:00\",\"dateModified\":\"2025-03-26T14:37:37+00:00\",\"author\":{\"@id\":\"https:\\\/\\\/www.ginobaudino.it\\\/abbigliamento\\\/#\\\/schema\\\/person\\\/3bd3dd4899869bd1079b397be8b23749\"},\"description\":\"Mantella camoscio blu Adele: scopri la nuova collezione uomo e donna jack and the leather a Torino da Gino Baudino in Via Pigafetta\",\"breadcrumb\":{\"@id\":\"https:\\\/\\\/www.ginobaudino.it\\\/abbigliamento\\\/mantella-camoscio-blu-adele\\\/#breadcrumb\"},\"inLanguage\":\"it-IT\",\"potentialAction\":[{\"@type\":\"ReadAction\",\"target\":[\"https:\\\/\\\/www.ginobaudino.it\\\/abbigliamento\\\/mantella-camoscio-blu-adele\\\/\"]}]},{\"@type\":\"ImageObject\",\"inLanguage\":\"it-IT\",\"@id\":\"https:\\\/\\\/www.ginobaudino.it\\\/abbigliamento\\\/mantella-camoscio-blu-adele\\\/#primaryimage\",\"url\":\"https:\\\/\\\/www.ginobaudino.it\\\/abbigliamento\\\/wp-content\\\/uploads\\\/2023\\\/10\\\/mantella-in-camoscio-blu-adele-3.webp\",\"contentUrl\":\"https:\\\/\\\/www.ginobaudino.it\\\/abbigliamento\\\/wp-content\\\/uploads\\\/2023\\\/10\\\/mantella-in-camoscio-blu-adele-3.webp\",\"width\":1353,\"height\":1800},{\"@type\":\"BreadcrumbList\",\"@id\":\"https:\\\/\\\/www.ginobaudino.it\\\/abbigliamento\\\/mantella-camoscio-blu-adele\\\/#breadcrumb\",\"itemListElement\":[{\"@type\":\"ListItem\",\"position\":1,\"name\":\"Home\",\"item\":\"https:\\\/\\\/www.ginobaudino.it\\\/abbigliamento\\\/\"},{\"@type\":\"ListItem\",\"position\":2,\"name\":\"Mantella camoscio Jackie\"}]},{\"@type\":\"WebSite\",\"@id\":\"https:\\\/\\\/www.ginobaudino.it\\\/abbigliamento\\\/#website\",\"url\":\"https:\\\/\\\/www.ginobaudino.it\\\/abbigliamento\\\/\",\"name\":\"Abbigliamento Torino\",\"description\":\"Abbigliamento uomo, donna e accessori\",\"potentialAction\":[{\"@type\":\"SearchAction\",\"target\":{\"@type\":\"EntryPoint\",\"urlTemplate\":\"https:\\\/\\\/www.ginobaudino.it\\\/abbigliamento\\\/?s={search_term_string}\"},\"query-input\":{\"@type\":\"PropertyValueSpecification\",\"valueRequired\":true,\"valueName\":\"search_term_string\"}}],\"inLanguage\":\"it-IT\"},{\"@type\":\"Person\",\"@id\":\"https:\\\/\\\/www.ginobaudino.it\\\/abbigliamento\\\/#\\\/schema\\\/person\\\/3bd3dd4899869bd1079b397be8b23749\",\"name\":\"baudino\",\"url\":\"https:\\\/\\\/www.ginobaudino.it\\\/abbigliamento\\\/author\\\/baudino\\\/\"}]}<\/script>\n<!-- \/ Yoast SEO plugin. -->","yoast_head_json":{"title":"Mantella camoscio blu Adele | Jackie and the leather negozi Torino","description":"Mantella camoscio blu Adele: scopri la nuova collezione uomo e donna jack and the leather a Torino da Gino Baudino in Via Pigafetta","robots":{"index":"index","follow":"follow","max-snippet":"max-snippet:-1","max-image-preview":"max-image-preview:large","max-video-preview":"max-video-preview:-1"},"canonical":"https:\/\/www.ginobaudino.it\/abbigliamento\/mantella-camoscio-blu-adele\/","og_locale":"it_IT","og_type":"article","og_title":"Mantella camoscio blu Adele | Jackie and the leather negozi Torino","og_description":"Mantella camoscio blu Adele: scopri la nuova collezione uomo e donna jack and the leather a Torino da Gino Baudino in Via Pigafetta","og_url":"https:\/\/www.ginobaudino.it\/abbigliamento\/mantella-camoscio-blu-adele\/","og_site_name":"Abbigliamento Torino","article_published_time":"2024-09-04T16:07:38+00:00","article_modified_time":"2025-03-26T14:37:37+00:00","og_image":[{"width":1353,"height":1800,"url":"https:\/\/www.ginobaudino.it\/abbigliamento\/wp-content\/uploads\/2023\/10\/mantella-in-camoscio-blu-adele-3.webp","type":"image\/webp"}],"author":"baudino","twitter_card":"summary_large_image","twitter_misc":{"Scritto da":"baudino","Tempo di lettura stimato":"2 minuti"},"schema":{"@context":"https:\/\/schema.org","@graph":[{"@type":"Article","@id":"https:\/\/www.ginobaudino.it\/abbigliamento\/mantella-camoscio-blu-adele\/#article","isPartOf":{"@id":"https:\/\/www.ginobaudino.it\/abbigliamento\/mantella-camoscio-blu-adele\/"},"author":{"name":"baudino","@id":"https:\/\/www.ginobaudino.it\/abbigliamento\/#\/schema\/person\/3bd3dd4899869bd1079b397be8b23749"},"headline":"Mantella camoscio Jackie","datePublished":"2024-09-04T16:07:38+00:00","dateModified":"2025-03-26T14:37:37+00:00","mainEntityOfPage":{"@id":"https:\/\/www.ginobaudino.it\/abbigliamento\/mantella-camoscio-blu-adele\/"},"wordCount":112,"image":{"@id":"https:\/\/www.ginobaudino.it\/abbigliamento\/mantella-camoscio-blu-adele\/#primaryimage"},"thumbnailUrl":"https:\/\/www.ginobaudino.it\/abbigliamento\/wp-content\/uploads\/2023\/10\/mantella-in-camoscio-blu-adele-3.webp","keywords":["giubbotti in camoscio torino","Mantella camoscio Adele the jackie and the leather","mantelle da donna a torino","the jackie and the leather torino"],"articleSection":["abbigliamento donna","The Jack and the Jackie leathers"],"inLanguage":"it-IT"},{"@type":"WebPage","@id":"https:\/\/www.ginobaudino.it\/abbigliamento\/mantella-camoscio-blu-adele\/","url":"https:\/\/www.ginobaudino.it\/abbigliamento\/mantella-camoscio-blu-adele\/","name":"Mantella camoscio blu Adele | Jackie and the leather negozi Torino","isPartOf":{"@id":"https:\/\/www.ginobaudino.it\/abbigliamento\/#website"},"primaryImageOfPage":{"@id":"https:\/\/www.ginobaudino.it\/abbigliamento\/mantella-camoscio-blu-adele\/#primaryimage"},"image":{"@id":"https:\/\/www.ginobaudino.it\/abbigliamento\/mantella-camoscio-blu-adele\/#primaryimage"},"thumbnailUrl":"https:\/\/www.ginobaudino.it\/abbigliamento\/wp-content\/uploads\/2023\/10\/mantella-in-camoscio-blu-adele-3.webp","datePublished":"2024-09-04T16:07:38+00:00","dateModified":"2025-03-26T14:37:37+00:00","author":{"@id":"https:\/\/www.ginobaudino.it\/abbigliamento\/#\/schema\/person\/3bd3dd4899869bd1079b397be8b23749"},"description":"Mantella camoscio blu Adele: scopri la nuova collezione uomo e donna jack and the leather a Torino da Gino Baudino in Via Pigafetta","breadcrumb":{"@id":"https:\/\/www.ginobaudino.it\/abbigliamento\/mantella-camoscio-blu-adele\/#breadcrumb"},"inLanguage":"it-IT","potentialAction":[{"@type":"ReadAction","target":["https:\/\/www.ginobaudino.it\/abbigliamento\/mantella-camoscio-blu-adele\/"]}]},{"@type":"ImageObject","inLanguage":"it-IT","@id":"https:\/\/www.ginobaudino.it\/abbigliamento\/mantella-camoscio-blu-adele\/#primaryimage","url":"https:\/\/www.ginobaudino.it\/abbigliamento\/wp-content\/uploads\/2023\/10\/mantella-in-camoscio-blu-adele-3.webp","contentUrl":"https:\/\/www.ginobaudino.it\/abbigliamento\/wp-content\/uploads\/2023\/10\/mantella-in-camoscio-blu-adele-3.webp","width":1353,"height":1800},{"@type":"BreadcrumbList","@id":"https:\/\/www.ginobaudino.it\/abbigliamento\/mantella-camoscio-blu-adele\/#breadcrumb","itemListElement":[{"@type":"ListItem","position":1,"name":"Home","item":"https:\/\/www.ginobaudino.it\/abbigliamento\/"},{"@type":"ListItem","position":2,"name":"Mantella camoscio Jackie"}]},{"@type":"WebSite","@id":"https:\/\/www.ginobaudino.it\/abbigliamento\/#website","url":"https:\/\/www.ginobaudino.it\/abbigliamento\/","name":"Abbigliamento Torino","description":"Abbigliamento uomo, donna e accessori","potentialAction":[{"@type":"SearchAction","target":{"@type":"EntryPoint","urlTemplate":"https:\/\/www.ginobaudino.it\/abbigliamento\/?s={search_term_string}"},"query-input":{"@type":"PropertyValueSpecification","valueRequired":true,"valueName":"search_term_string"}}],"inLanguage":"it-IT"},{"@type":"Person","@id":"https:\/\/www.ginobaudino.it\/abbigliamento\/#\/schema\/person\/3bd3dd4899869bd1079b397be8b23749","name":"baudino","url":"https:\/\/www.ginobaudino.it\/abbigliamento\/author\/baudino\/"}]}},"_links":{"self":[{"href":"https:\/\/www.ginobaudino.it\/abbigliamento\/wp-json\/wp\/v2\/posts\/15210","targetHints":{"allow":["GET"]}}],"collection":[{"href":"https:\/\/www.ginobaudino.it\/abbigliamento\/wp-json\/wp\/v2\/posts"}],"about":[{"href":"https:\/\/www.ginobaudino.it\/abbigliamento\/wp-json\/wp\/v2\/types\/post"}],"author":[{"embeddable":true,"href":"https:\/\/www.ginobaudino.it\/abbigliamento\/wp-json\/wp\/v2\/users\/2"}],"replies":[{"embeddable":true,"href":"https:\/\/www.ginobaudino.it\/abbigliamento\/wp-json\/wp\/v2\/comments?post=15210"}],"version-history":[{"count":3,"href":"https:\/\/www.ginobaudino.it\/abbigliamento\/wp-json\/wp\/v2\/posts\/15210\/revisions"}],"predecessor-version":[{"id":16576,"href":"https:\/\/www.ginobaudino.it\/abbigliamento\/wp-json\/wp\/v2\/posts\/15210\/revisions\/16576"}],"wp:featuredmedia":[{"embeddable":true,"href":"https:\/\/www.ginobaudino.it\/abbigliamento\/wp-json\/wp\/v2\/media\/15214"}],"wp:attachment":[{"href":"https:\/\/www.ginobaudino.it\/abbigliamento\/wp-json\/wp\/v2\/media?parent=15210"}],"wp:term":[{"taxonomy":"category","embeddable":true,"href":"https:\/\/www.ginobaudino.it\/abbigliamento\/wp-json\/wp\/v2\/categories?post=15210"},{"taxonomy":"post_tag","embeddable":true,"href":"https:\/\/www.ginobaudino.it\/abbigliamento\/wp-json\/wp\/v2\/tags?post=15210"}],"curies":[{"name":"wp","href":"https:\/\/api.w.org\/{rel}","templated":true}]}}