{"id":14775,"date":"2024-09-03T16:38:12","date_gmt":"2024-09-03T14:38:12","guid":{"rendered":"https:\/\/www.ginobaudino.it\/abbigliamento\/?p=14775"},"modified":"2025-03-24T18:51:11","modified_gmt":"2025-03-24T17:51:11","slug":"tagliatore-collezione-primavera","status":"publish","type":"post","link":"https:\/\/www.ginobaudino.it\/abbigliamento\/tagliatore-collezione-primavera\/","title":{"rendered":"Tagliatore collezione primavera"},"content":{"rendered":"\r\n<p>Tagliatore collezione primavera dove trovarla? A Torino da Gino Baudino in zona Crocetta!<\/p>\r\n\r\n\r\n\r\n<p>Questa \u00e8 la stagione in cui regna incontrastata la preparazione delle cerimonie estive, lo sappiamo. La ricerca dell&#8217;abito giusto per gli eventi eleganti dell&#8217;estate si fa a volte ossessiva, e la Gino Baudino \u00e8 pronta per aiutarti in questa piacevole missione, guarda infatti <a href=\"https:\/\/www.ginobaudino.it\/abbigliamento\/pages\/cerimonia\/abiti-cerimonia-classici\/\">QUI<\/a><\/p>\r\n\r\n\r\n\r\n<p>Ma Tagliatore non \u00e8 solo proposte Cerimonia. E&#8217; ricerca dei tessuti, che sono per la maggior parte naturali e super leggeri, studio dei modelli e delle vestibilit\u00e0, con spalle svuotate e giacche destrutturate che diventano quasi maglie. Accanto alla ricerca c&#8217;\u00e8 una solida parte di tradizione sartoriale portata avanti da Pino Lerario, con abiti di alta qualit\u00e0 anche foderati per il professionista che vuole vestire elegante ma al passo coi tempi.<\/p>\r\n\r\n\r\n\r\n<ul class=\"wp-block-gallery columns-2 is-cropped wp-block-gallery-1 is-layout-flex wp-block-gallery-is-layout-flex\">\r\n<li class=\"blocks-gallery-item\">\r\n<figure><img loading=\"lazy\" decoding=\"async\" width=\"1024\" height=\"525\" class=\"wp-image-14777\" src=\"https:\/\/www.ginobaudino.it\/abbigliamento\/wp-content\/uploads\/2023\/04\/tagliatore-completo-verdino-1024x525.jpg\" alt=\"\" data-id=\"14777\" data-link=\"https:\/\/www.ginobaudino.it\/abbigliamento\/?attachment_id=14777\" srcset=\"https:\/\/www.ginobaudino.it\/abbigliamento\/wp-content\/uploads\/2023\/04\/tagliatore-completo-verdino-1024x525.jpg 1024w, https:\/\/www.ginobaudino.it\/abbigliamento\/wp-content\/uploads\/2023\/04\/tagliatore-completo-verdino-300x154.jpg 300w, https:\/\/www.ginobaudino.it\/abbigliamento\/wp-content\/uploads\/2023\/04\/tagliatore-completo-verdino-768x394.jpg 768w, https:\/\/www.ginobaudino.it\/abbigliamento\/wp-content\/uploads\/2023\/04\/tagliatore-completo-verdino-700x359.jpg 700w, https:\/\/www.ginobaudino.it\/abbigliamento\/wp-content\/uploads\/2023\/04\/tagliatore-completo-verdino.jpg 1400w\" sizes=\"auto, (max-width: 1024px) 100vw, 1024px\" \/>\r\n<figcaption>giacche sfoderate<\/figcaption>\r\n<\/figure>\r\n<\/li>\r\n<li class=\"blocks-gallery-item\">\r\n<figure><img loading=\"lazy\" decoding=\"async\" width=\"515\" height=\"640\" class=\"wp-image-14776\" src=\"https:\/\/www.ginobaudino.it\/abbigliamento\/wp-content\/uploads\/2023\/04\/tagliatore-completo-gessato.jpg\" alt=\"\" data-id=\"14776\" data-link=\"https:\/\/www.ginobaudino.it\/abbigliamento\/?attachment_id=14776\" srcset=\"https:\/\/www.ginobaudino.it\/abbigliamento\/wp-content\/uploads\/2023\/04\/tagliatore-completo-gessato.jpg 515w, https:\/\/www.ginobaudino.it\/abbigliamento\/wp-content\/uploads\/2023\/04\/tagliatore-completo-gessato-241x300.jpg 241w\" sizes=\"auto, (max-width: 515px) 100vw, 515px\" \/>\r\n<figcaption>abito gessato<\/figcaption>\r\n<\/figure>\r\n<\/li>\r\n<\/ul>\r\n","protected":false},"excerpt":{"rendered":"<p>Tagliatore collezione primavera dove trovarla? A Torino da Gino Baudino in zona Crocetta! Questa \u00e8 la stagione in cui regna incontrastata la preparazione delle cerimonie estive, lo sappiamo. La ricerca dell&#8217;abito giusto per gli eventi eleganti dell&#8217;estate si fa a volte ossessiva, e la Gino Baudino \u00e8 pronta per aiutarti in questa piacevole missione, guarda [&hellip;]<\/p>\n","protected":false},"author":2,"featured_media":14777,"comment_status":"closed","ping_status":"open","sticky":false,"template":"","format":"standard","meta":{"footnotes":""},"categories":[244],"tags":[2926,2927,2930,2928,1330,2929],"class_list":["post-14775","post","type-post","status-publish","format-standard","has-post-thumbnail","hentry","category-tagliatore","tag-abiti-uomo-tagliatore","tag-blazer-tagliatore-torino","tag-completi-uomo-tagliatore","tag-giacche-sfoderate-tagliatore","tag-tagliatore-negozi-torino","tag-vestiti-uomo-tagliatore"],"yoast_head":"<!-- This site is optimized with the Yoast SEO plugin v27.4 - https:\/\/yoast.com\/product\/yoast-seo-wordpress\/ -->\n<title>Negozi Tagliatore uomo Torino | Gino Baudino rivenditore Tagliatore<\/title>\n<meta name=\"description\" content=\"Tagliatore nuova collezione Uomo primavera estate, la trovi a Torino da Gino Baudino in Via Pigafetta 49 G, zona Crocetta\" \/>\n<meta name=\"robots\" content=\"index, follow, max-snippet:-1, max-image-preview:large, max-video-preview:-1\" \/>\n<link rel=\"canonical\" href=\"https:\/\/www.ginobaudino.it\/abbigliamento\/tagliatore-collezione-primavera\/\" \/>\n<meta property=\"og:locale\" content=\"it_IT\" \/>\n<meta property=\"og:type\" content=\"article\" \/>\n<meta property=\"og:title\" content=\"Negozi Tagliatore uomo Torino | Gino Baudino rivenditore Tagliatore\" \/>\n<meta property=\"og:description\" content=\"Tagliatore nuova collezione Uomo primavera estate, la trovi a Torino da Gino Baudino in Via Pigafetta 49 G, zona Crocetta\" \/>\n<meta property=\"og:url\" content=\"https:\/\/www.ginobaudino.it\/abbigliamento\/tagliatore-collezione-primavera\/\" \/>\n<meta property=\"og:site_name\" content=\"Abbigliamento Torino\" \/>\n<meta property=\"article:published_time\" content=\"2024-09-03T14:38:12+00:00\" \/>\n<meta property=\"article:modified_time\" content=\"2025-03-24T17:51:11+00:00\" \/>\n<meta property=\"og:image\" content=\"https:\/\/www.ginobaudino.it\/abbigliamento\/wp-content\/uploads\/2023\/04\/tagliatore-completo-verdino.jpg\" \/>\n\t<meta property=\"og:image:width\" content=\"1400\" \/>\n\t<meta property=\"og:image:height\" content=\"718\" \/>\n\t<meta property=\"og:image:type\" content=\"image\/jpeg\" \/>\n<meta name=\"author\" content=\"baudino\" \/>\n<meta name=\"twitter:card\" content=\"summary_large_image\" \/>\n<meta name=\"twitter:label1\" content=\"Scritto da\" \/>\n\t<meta name=\"twitter:data1\" content=\"baudino\" \/>\n\t<meta name=\"twitter:label2\" content=\"Tempo di lettura stimato\" \/>\n\t<meta name=\"twitter:data2\" content=\"2 minuti\" \/>\n<script type=\"application\/ld+json\" class=\"yoast-schema-graph\">{\"@context\":\"https:\\\/\\\/schema.org\",\"@graph\":[{\"@type\":\"Article\",\"@id\":\"https:\\\/\\\/www.ginobaudino.it\\\/abbigliamento\\\/tagliatore-collezione-primavera\\\/#article\",\"isPartOf\":{\"@id\":\"https:\\\/\\\/www.ginobaudino.it\\\/abbigliamento\\\/tagliatore-collezione-primavera\\\/\"},\"author\":{\"name\":\"baudino\",\"@id\":\"https:\\\/\\\/www.ginobaudino.it\\\/abbigliamento\\\/#\\\/schema\\\/person\\\/3bd3dd4899869bd1079b397be8b23749\"},\"headline\":\"Tagliatore collezione primavera\",\"datePublished\":\"2024-09-03T14:38:12+00:00\",\"dateModified\":\"2025-03-24T17:51:11+00:00\",\"mainEntityOfPage\":{\"@id\":\"https:\\\/\\\/www.ginobaudino.it\\\/abbigliamento\\\/tagliatore-collezione-primavera\\\/\"},\"wordCount\":134,\"image\":{\"@id\":\"https:\\\/\\\/www.ginobaudino.it\\\/abbigliamento\\\/tagliatore-collezione-primavera\\\/#primaryimage\"},\"thumbnailUrl\":\"https:\\\/\\\/www.ginobaudino.it\\\/abbigliamento\\\/wp-content\\\/uploads\\\/2023\\\/04\\\/tagliatore-completo-verdino.jpg\",\"keywords\":[\"abiti uomo tagliatore\",\"blazer tagliatore torino\",\"completi uomo tagliatore\",\"giacche sfoderate tagliatore\",\"tagliatore negozi torino\",\"vestiti uomo tagliatore\"],\"articleSection\":[\"Tagliatore\"],\"inLanguage\":\"it-IT\"},{\"@type\":\"WebPage\",\"@id\":\"https:\\\/\\\/www.ginobaudino.it\\\/abbigliamento\\\/tagliatore-collezione-primavera\\\/\",\"url\":\"https:\\\/\\\/www.ginobaudino.it\\\/abbigliamento\\\/tagliatore-collezione-primavera\\\/\",\"name\":\"Negozi Tagliatore uomo Torino | Gino Baudino rivenditore Tagliatore\",\"isPartOf\":{\"@id\":\"https:\\\/\\\/www.ginobaudino.it\\\/abbigliamento\\\/#website\"},\"primaryImageOfPage\":{\"@id\":\"https:\\\/\\\/www.ginobaudino.it\\\/abbigliamento\\\/tagliatore-collezione-primavera\\\/#primaryimage\"},\"image\":{\"@id\":\"https:\\\/\\\/www.ginobaudino.it\\\/abbigliamento\\\/tagliatore-collezione-primavera\\\/#primaryimage\"},\"thumbnailUrl\":\"https:\\\/\\\/www.ginobaudino.it\\\/abbigliamento\\\/wp-content\\\/uploads\\\/2023\\\/04\\\/tagliatore-completo-verdino.jpg\",\"datePublished\":\"2024-09-03T14:38:12+00:00\",\"dateModified\":\"2025-03-24T17:51:11+00:00\",\"author\":{\"@id\":\"https:\\\/\\\/www.ginobaudino.it\\\/abbigliamento\\\/#\\\/schema\\\/person\\\/3bd3dd4899869bd1079b397be8b23749\"},\"description\":\"Tagliatore nuova collezione Uomo primavera estate, la trovi a Torino da Gino Baudino in Via Pigafetta 49 G, zona Crocetta\",\"breadcrumb\":{\"@id\":\"https:\\\/\\\/www.ginobaudino.it\\\/abbigliamento\\\/tagliatore-collezione-primavera\\\/#breadcrumb\"},\"inLanguage\":\"it-IT\",\"potentialAction\":[{\"@type\":\"ReadAction\",\"target\":[\"https:\\\/\\\/www.ginobaudino.it\\\/abbigliamento\\\/tagliatore-collezione-primavera\\\/\"]}]},{\"@type\":\"ImageObject\",\"inLanguage\":\"it-IT\",\"@id\":\"https:\\\/\\\/www.ginobaudino.it\\\/abbigliamento\\\/tagliatore-collezione-primavera\\\/#primaryimage\",\"url\":\"https:\\\/\\\/www.ginobaudino.it\\\/abbigliamento\\\/wp-content\\\/uploads\\\/2023\\\/04\\\/tagliatore-completo-verdino.jpg\",\"contentUrl\":\"https:\\\/\\\/www.ginobaudino.it\\\/abbigliamento\\\/wp-content\\\/uploads\\\/2023\\\/04\\\/tagliatore-completo-verdino.jpg\",\"width\":1400,\"height\":718,\"caption\":\"giacche sfoderate\"},{\"@type\":\"BreadcrumbList\",\"@id\":\"https:\\\/\\\/www.ginobaudino.it\\\/abbigliamento\\\/tagliatore-collezione-primavera\\\/#breadcrumb\",\"itemListElement\":[{\"@type\":\"ListItem\",\"position\":1,\"name\":\"Home\",\"item\":\"https:\\\/\\\/www.ginobaudino.it\\\/abbigliamento\\\/\"},{\"@type\":\"ListItem\",\"position\":2,\"name\":\"Tagliatore collezione primavera\"}]},{\"@type\":\"WebSite\",\"@id\":\"https:\\\/\\\/www.ginobaudino.it\\\/abbigliamento\\\/#website\",\"url\":\"https:\\\/\\\/www.ginobaudino.it\\\/abbigliamento\\\/\",\"name\":\"Abbigliamento Torino\",\"description\":\"Abbigliamento uomo, donna e accessori\",\"potentialAction\":[{\"@type\":\"SearchAction\",\"target\":{\"@type\":\"EntryPoint\",\"urlTemplate\":\"https:\\\/\\\/www.ginobaudino.it\\\/abbigliamento\\\/?s={search_term_string}\"},\"query-input\":{\"@type\":\"PropertyValueSpecification\",\"valueRequired\":true,\"valueName\":\"search_term_string\"}}],\"inLanguage\":\"it-IT\"},{\"@type\":\"Person\",\"@id\":\"https:\\\/\\\/www.ginobaudino.it\\\/abbigliamento\\\/#\\\/schema\\\/person\\\/3bd3dd4899869bd1079b397be8b23749\",\"name\":\"baudino\",\"url\":\"https:\\\/\\\/www.ginobaudino.it\\\/abbigliamento\\\/author\\\/baudino\\\/\"}]}<\/script>\n<!-- \/ Yoast SEO plugin. -->","yoast_head_json":{"title":"Negozi Tagliatore uomo Torino | Gino Baudino rivenditore Tagliatore","description":"Tagliatore nuova collezione Uomo primavera estate, la trovi a Torino da Gino Baudino in Via Pigafetta 49 G, zona Crocetta","robots":{"index":"index","follow":"follow","max-snippet":"max-snippet:-1","max-image-preview":"max-image-preview:large","max-video-preview":"max-video-preview:-1"},"canonical":"https:\/\/www.ginobaudino.it\/abbigliamento\/tagliatore-collezione-primavera\/","og_locale":"it_IT","og_type":"article","og_title":"Negozi Tagliatore uomo Torino | Gino Baudino rivenditore Tagliatore","og_description":"Tagliatore nuova collezione Uomo primavera estate, la trovi a Torino da Gino Baudino in Via Pigafetta 49 G, zona Crocetta","og_url":"https:\/\/www.ginobaudino.it\/abbigliamento\/tagliatore-collezione-primavera\/","og_site_name":"Abbigliamento Torino","article_published_time":"2024-09-03T14:38:12+00:00","article_modified_time":"2025-03-24T17:51:11+00:00","og_image":[{"width":1400,"height":718,"url":"https:\/\/www.ginobaudino.it\/abbigliamento\/wp-content\/uploads\/2023\/04\/tagliatore-completo-verdino.jpg","type":"image\/jpeg"}],"author":"baudino","twitter_card":"summary_large_image","twitter_misc":{"Scritto da":"baudino","Tempo di lettura stimato":"2 minuti"},"schema":{"@context":"https:\/\/schema.org","@graph":[{"@type":"Article","@id":"https:\/\/www.ginobaudino.it\/abbigliamento\/tagliatore-collezione-primavera\/#article","isPartOf":{"@id":"https:\/\/www.ginobaudino.it\/abbigliamento\/tagliatore-collezione-primavera\/"},"author":{"name":"baudino","@id":"https:\/\/www.ginobaudino.it\/abbigliamento\/#\/schema\/person\/3bd3dd4899869bd1079b397be8b23749"},"headline":"Tagliatore collezione primavera","datePublished":"2024-09-03T14:38:12+00:00","dateModified":"2025-03-24T17:51:11+00:00","mainEntityOfPage":{"@id":"https:\/\/www.ginobaudino.it\/abbigliamento\/tagliatore-collezione-primavera\/"},"wordCount":134,"image":{"@id":"https:\/\/www.ginobaudino.it\/abbigliamento\/tagliatore-collezione-primavera\/#primaryimage"},"thumbnailUrl":"https:\/\/www.ginobaudino.it\/abbigliamento\/wp-content\/uploads\/2023\/04\/tagliatore-completo-verdino.jpg","keywords":["abiti uomo tagliatore","blazer tagliatore torino","completi uomo tagliatore","giacche sfoderate tagliatore","tagliatore negozi torino","vestiti uomo tagliatore"],"articleSection":["Tagliatore"],"inLanguage":"it-IT"},{"@type":"WebPage","@id":"https:\/\/www.ginobaudino.it\/abbigliamento\/tagliatore-collezione-primavera\/","url":"https:\/\/www.ginobaudino.it\/abbigliamento\/tagliatore-collezione-primavera\/","name":"Negozi Tagliatore uomo Torino | Gino Baudino rivenditore Tagliatore","isPartOf":{"@id":"https:\/\/www.ginobaudino.it\/abbigliamento\/#website"},"primaryImageOfPage":{"@id":"https:\/\/www.ginobaudino.it\/abbigliamento\/tagliatore-collezione-primavera\/#primaryimage"},"image":{"@id":"https:\/\/www.ginobaudino.it\/abbigliamento\/tagliatore-collezione-primavera\/#primaryimage"},"thumbnailUrl":"https:\/\/www.ginobaudino.it\/abbigliamento\/wp-content\/uploads\/2023\/04\/tagliatore-completo-verdino.jpg","datePublished":"2024-09-03T14:38:12+00:00","dateModified":"2025-03-24T17:51:11+00:00","author":{"@id":"https:\/\/www.ginobaudino.it\/abbigliamento\/#\/schema\/person\/3bd3dd4899869bd1079b397be8b23749"},"description":"Tagliatore nuova collezione Uomo primavera estate, la trovi a Torino da Gino Baudino in Via Pigafetta 49 G, zona Crocetta","breadcrumb":{"@id":"https:\/\/www.ginobaudino.it\/abbigliamento\/tagliatore-collezione-primavera\/#breadcrumb"},"inLanguage":"it-IT","potentialAction":[{"@type":"ReadAction","target":["https:\/\/www.ginobaudino.it\/abbigliamento\/tagliatore-collezione-primavera\/"]}]},{"@type":"ImageObject","inLanguage":"it-IT","@id":"https:\/\/www.ginobaudino.it\/abbigliamento\/tagliatore-collezione-primavera\/#primaryimage","url":"https:\/\/www.ginobaudino.it\/abbigliamento\/wp-content\/uploads\/2023\/04\/tagliatore-completo-verdino.jpg","contentUrl":"https:\/\/www.ginobaudino.it\/abbigliamento\/wp-content\/uploads\/2023\/04\/tagliatore-completo-verdino.jpg","width":1400,"height":718,"caption":"giacche sfoderate"},{"@type":"BreadcrumbList","@id":"https:\/\/www.ginobaudino.it\/abbigliamento\/tagliatore-collezione-primavera\/#breadcrumb","itemListElement":[{"@type":"ListItem","position":1,"name":"Home","item":"https:\/\/www.ginobaudino.it\/abbigliamento\/"},{"@type":"ListItem","position":2,"name":"Tagliatore collezione primavera"}]},{"@type":"WebSite","@id":"https:\/\/www.ginobaudino.it\/abbigliamento\/#website","url":"https:\/\/www.ginobaudino.it\/abbigliamento\/","name":"Abbigliamento Torino","description":"Abbigliamento uomo, donna e accessori","potentialAction":[{"@type":"SearchAction","target":{"@type":"EntryPoint","urlTemplate":"https:\/\/www.ginobaudino.it\/abbigliamento\/?s={search_term_string}"},"query-input":{"@type":"PropertyValueSpecification","valueRequired":true,"valueName":"search_term_string"}}],"inLanguage":"it-IT"},{"@type":"Person","@id":"https:\/\/www.ginobaudino.it\/abbigliamento\/#\/schema\/person\/3bd3dd4899869bd1079b397be8b23749","name":"baudino","url":"https:\/\/www.ginobaudino.it\/abbigliamento\/author\/baudino\/"}]}},"_links":{"self":[{"href":"https:\/\/www.ginobaudino.it\/abbigliamento\/wp-json\/wp\/v2\/posts\/14775","targetHints":{"allow":["GET"]}}],"collection":[{"href":"https:\/\/www.ginobaudino.it\/abbigliamento\/wp-json\/wp\/v2\/posts"}],"about":[{"href":"https:\/\/www.ginobaudino.it\/abbigliamento\/wp-json\/wp\/v2\/types\/post"}],"author":[{"embeddable":true,"href":"https:\/\/www.ginobaudino.it\/abbigliamento\/wp-json\/wp\/v2\/users\/2"}],"replies":[{"embeddable":true,"href":"https:\/\/www.ginobaudino.it\/abbigliamento\/wp-json\/wp\/v2\/comments?post=14775"}],"version-history":[{"count":3,"href":"https:\/\/www.ginobaudino.it\/abbigliamento\/wp-json\/wp\/v2\/posts\/14775\/revisions"}],"predecessor-version":[{"id":16565,"href":"https:\/\/www.ginobaudino.it\/abbigliamento\/wp-json\/wp\/v2\/posts\/14775\/revisions\/16565"}],"wp:featuredmedia":[{"embeddable":true,"href":"https:\/\/www.ginobaudino.it\/abbigliamento\/wp-json\/wp\/v2\/media\/14777"}],"wp:attachment":[{"href":"https:\/\/www.ginobaudino.it\/abbigliamento\/wp-json\/wp\/v2\/media?parent=14775"}],"wp:term":[{"taxonomy":"category","embeddable":true,"href":"https:\/\/www.ginobaudino.it\/abbigliamento\/wp-json\/wp\/v2\/categories?post=14775"},{"taxonomy":"post_tag","embeddable":true,"href":"https:\/\/www.ginobaudino.it\/abbigliamento\/wp-json\/wp\/v2\/tags?post=14775"}],"curies":[{"name":"wp","href":"https:\/\/api.w.org\/{rel}","templated":true}]}}