{"id":13712,"date":"2021-10-21T17:48:58","date_gmt":"2021-10-21T15:48:58","guid":{"rendered":"https:\/\/www.ginobaudino.it\/abbigliamento\/?p=13712"},"modified":"2021-10-21T17:55:47","modified_gmt":"2021-10-21T15:55:47","slug":"jeans-meyer-m5-thermolite","status":"publish","type":"post","link":"https:\/\/www.ginobaudino.it\/abbigliamento\/jeans-meyer-m5-thermolite\/","title":{"rendered":"Jeans Meyer M5 thermolite"},"content":{"rendered":"\n<p>Jeans Meyer M5 Thermolite. Caldo e morbido il nuovo jeans denim 5 tasche con <a href=\"https:\/\/www.thermolite.com\/en\">fodera interna antivento<\/a>. Non \u00e8 una imbottitura, per questo puoi indossarlo sia in ufficio sia all&#8217;aperto anche nelle stagioni pi\u00f9 fresche.  Il mercato italiano chiedeva a gran voce un prodotto simile, che coniuga il tipico comfort dei prodotti meyer con lo stile italiano, il quale predilige linee pi\u00f9 slim. Tessuto elasticizzato, tinte solide con la garanzia del cotone organico bio. Questo significa nessun utilizzo di pesticidi, fertilizzanti artificiali e rispetto della natura in tutti i cicli di produzione. Produzione  equa e solidale nella fabbrica europea di propriet\u00e0 Meyer. Il modello si arricchisce di un utile taschino porta monete nella tasca laterale, la finitura \u00e8 a mano, l&#8217;elastam di qualit\u00e0 superiore. Gino Baudino \u00e8 rivenditore autorizzato <a href=\"https:\/\/www.fairtrade.it\/prodotti\/cotone\/meyer\/\">Meyer<\/a> dal secolo scorso.<\/p>\n\n\n\n<figure class=\"wp-block-image\"><img loading=\"lazy\" decoding=\"async\" width=\"892\" height=\"1024\" src=\"https:\/\/www.ginobaudino.it\/abbigliamento\/wp-content\/uploads\/2021\/10\/meyer_hw20_m5-slim-9-6243_18_tasche-892x1024.jpg\" alt=\"\" class=\"wp-image-13713\" srcset=\"https:\/\/www.ginobaudino.it\/abbigliamento\/wp-content\/uploads\/2021\/10\/meyer_hw20_m5-slim-9-6243_18_tasche-892x1024.jpg 892w, https:\/\/www.ginobaudino.it\/abbigliamento\/wp-content\/uploads\/2021\/10\/meyer_hw20_m5-slim-9-6243_18_tasche-261x300.jpg 261w, https:\/\/www.ginobaudino.it\/abbigliamento\/wp-content\/uploads\/2021\/10\/meyer_hw20_m5-slim-9-6243_18_tasche-768x882.jpg 768w, https:\/\/www.ginobaudino.it\/abbigliamento\/wp-content\/uploads\/2021\/10\/meyer_hw20_m5-slim-9-6243_18_tasche-700x804.jpg 700w, https:\/\/www.ginobaudino.it\/abbigliamento\/wp-content\/uploads\/2021\/10\/meyer_hw20_m5-slim-9-6243_18_tasche.jpg 1045w\" sizes=\"auto, (max-width: 892px) 100vw, 892px\" \/><figcaption>Jeans Meyer m5 Torino Gino Baudino<\/figcaption><\/figure>\n\n\n\n<figure class=\"wp-block-image\"><img loading=\"lazy\" decoding=\"async\" width=\"892\" height=\"1024\" src=\"https:\/\/www.ginobaudino.it\/abbigliamento\/wp-content\/uploads\/2021\/10\/meyer_hw20_m5-slim-9-6243_18_hinten_03-892x1024.jpg\" alt=\"\" class=\"wp-image-13714\" srcset=\"https:\/\/www.ginobaudino.it\/abbigliamento\/wp-content\/uploads\/2021\/10\/meyer_hw20_m5-slim-9-6243_18_hinten_03-892x1024.jpg 892w, https:\/\/www.ginobaudino.it\/abbigliamento\/wp-content\/uploads\/2021\/10\/meyer_hw20_m5-slim-9-6243_18_hinten_03-261x300.jpg 261w, https:\/\/www.ginobaudino.it\/abbigliamento\/wp-content\/uploads\/2021\/10\/meyer_hw20_m5-slim-9-6243_18_hinten_03-768x882.jpg 768w, https:\/\/www.ginobaudino.it\/abbigliamento\/wp-content\/uploads\/2021\/10\/meyer_hw20_m5-slim-9-6243_18_hinten_03-700x804.jpg 700w, https:\/\/www.ginobaudino.it\/abbigliamento\/wp-content\/uploads\/2021\/10\/meyer_hw20_m5-slim-9-6243_18_hinten_03.jpg 1045w\" sizes=\"auto, (max-width: 892px) 100vw, 892px\" \/><figcaption>Jeans denim Meyer M5<\/figcaption><\/figure>\n\n\n\n<figure class=\"wp-block-image\"><img loading=\"lazy\" decoding=\"async\" width=\"892\" height=\"1024\" src=\"https:\/\/www.ginobaudino.it\/abbigliamento\/wp-content\/uploads\/2021\/10\/meyer_hw20_m5-slim-9-6243_18_seite_04-892x1024.jpg\" alt=\"\" class=\"wp-image-13715\" srcset=\"https:\/\/www.ginobaudino.it\/abbigliamento\/wp-content\/uploads\/2021\/10\/meyer_hw20_m5-slim-9-6243_18_seite_04-892x1024.jpg 892w, https:\/\/www.ginobaudino.it\/abbigliamento\/wp-content\/uploads\/2021\/10\/meyer_hw20_m5-slim-9-6243_18_seite_04-261x300.jpg 261w, https:\/\/www.ginobaudino.it\/abbigliamento\/wp-content\/uploads\/2021\/10\/meyer_hw20_m5-slim-9-6243_18_seite_04-768x882.jpg 768w, https:\/\/www.ginobaudino.it\/abbigliamento\/wp-content\/uploads\/2021\/10\/meyer_hw20_m5-slim-9-6243_18_seite_04-700x804.jpg 700w, https:\/\/www.ginobaudino.it\/abbigliamento\/wp-content\/uploads\/2021\/10\/meyer_hw20_m5-slim-9-6243_18_seite_04.jpg 1045w\" sizes=\"auto, (max-width: 892px) 100vw, 892px\" \/><figcaption>M5 denim Torino Meyer<\/figcaption><\/figure>\n","protected":false},"excerpt":{"rendered":"<p>Jeans Meyer M5 Thermolite. Caldo e morbido il nuovo jeans denim 5 tasche con fodera interna antivento. Non \u00e8 una imbottitura, per questo puoi indossarlo sia in ufficio sia all&#8217;aperto anche nelle stagioni pi\u00f9 fresche. Il mercato italiano chiedeva a gran voce un prodotto simile, che coniuga il tipico comfort dei prodotti meyer con lo [&hellip;]<\/p>\n","protected":false},"author":2,"featured_media":13713,"comment_status":"closed","ping_status":"open","sticky":false,"template":"","format":"standard","meta":{"footnotes":""},"categories":[60,149],"tags":[2620,2619,2622,2621],"class_list":["post-13712","post","type-post","status-publish","format-standard","has-post-thumbnail","hentry","category-abbigliamento-uomo","category-meyer","tag-denim-jeans-meyer-m5","tag-jeans-torino","tag-m5-meyer-gino-baudino","tag-rivenditori-jeans-pantaloni-meyer-torino"],"yoast_head":"<!-- This site is optimized with the Yoast SEO plugin v27.4 - https:\/\/yoast.com\/product\/yoast-seo-wordpress\/ -->\n<title>Jeans Meyer M5 thermolite a Torino da Gino Baudino<\/title>\n<meta name=\"description\" content=\"Gino Baudino \u00e8 rivenditore autorizzato dei pantaloni Meyer dal secolo scorso. Bellissimi i nuovi arrivi anche in denim jeans M5.\" \/>\n<meta name=\"robots\" content=\"index, follow, max-snippet:-1, max-image-preview:large, max-video-preview:-1\" \/>\n<link rel=\"canonical\" href=\"https:\/\/www.ginobaudino.it\/abbigliamento\/jeans-meyer-m5-thermolite\/\" \/>\n<meta property=\"og:locale\" content=\"it_IT\" \/>\n<meta property=\"og:type\" content=\"article\" \/>\n<meta property=\"og:title\" content=\"Jeans Meyer M5 thermolite a Torino da Gino Baudino\" \/>\n<meta property=\"og:description\" content=\"Gino Baudino \u00e8 rivenditore autorizzato dei pantaloni Meyer dal secolo scorso. Bellissimi i nuovi arrivi anche in denim jeans M5.\" \/>\n<meta property=\"og:url\" content=\"https:\/\/www.ginobaudino.it\/abbigliamento\/jeans-meyer-m5-thermolite\/\" \/>\n<meta property=\"og:site_name\" content=\"Abbigliamento Torino\" \/>\n<meta property=\"article:published_time\" content=\"2021-10-21T15:48:58+00:00\" \/>\n<meta property=\"article:modified_time\" content=\"2021-10-21T15:55:47+00:00\" \/>\n<meta property=\"og:image\" content=\"https:\/\/www.ginobaudino.it\/abbigliamento\/wp-content\/uploads\/2021\/10\/meyer_hw20_m5-slim-9-6243_18_tasche.jpg\" \/>\n\t<meta property=\"og:image:width\" content=\"1045\" \/>\n\t<meta property=\"og:image:height\" content=\"1200\" \/>\n\t<meta property=\"og:image:type\" content=\"image\/jpeg\" \/>\n<meta name=\"author\" content=\"baudino\" \/>\n<meta name=\"twitter:card\" content=\"summary_large_image\" \/>\n<meta name=\"twitter:label1\" content=\"Scritto da\" \/>\n\t<meta name=\"twitter:data1\" content=\"baudino\" \/>\n\t<meta name=\"twitter:label2\" content=\"Tempo di lettura stimato\" \/>\n\t<meta name=\"twitter:data2\" content=\"1 minuto\" \/>\n<script type=\"application\/ld+json\" class=\"yoast-schema-graph\">{\"@context\":\"https:\\\/\\\/schema.org\",\"@graph\":[{\"@type\":\"Article\",\"@id\":\"https:\\\/\\\/www.ginobaudino.it\\\/abbigliamento\\\/jeans-meyer-m5-thermolite\\\/#article\",\"isPartOf\":{\"@id\":\"https:\\\/\\\/www.ginobaudino.it\\\/abbigliamento\\\/jeans-meyer-m5-thermolite\\\/\"},\"author\":{\"name\":\"baudino\",\"@id\":\"https:\\\/\\\/www.ginobaudino.it\\\/abbigliamento\\\/#\\\/schema\\\/person\\\/3bd3dd4899869bd1079b397be8b23749\"},\"headline\":\"Jeans Meyer M5 thermolite\",\"datePublished\":\"2021-10-21T15:48:58+00:00\",\"dateModified\":\"2021-10-21T15:55:47+00:00\",\"mainEntityOfPage\":{\"@id\":\"https:\\\/\\\/www.ginobaudino.it\\\/abbigliamento\\\/jeans-meyer-m5-thermolite\\\/\"},\"wordCount\":149,\"image\":{\"@id\":\"https:\\\/\\\/www.ginobaudino.it\\\/abbigliamento\\\/jeans-meyer-m5-thermolite\\\/#primaryimage\"},\"thumbnailUrl\":\"https:\\\/\\\/www.ginobaudino.it\\\/abbigliamento\\\/wp-content\\\/uploads\\\/2021\\\/10\\\/meyer_hw20_m5-slim-9-6243_18_tasche.jpg\",\"keywords\":[\"denim jeans meyer M5\",\"jeans Torino\",\"M5 Meyer Gino Baudino\",\"rivenditori jeans pantaloni meyer torino\"],\"articleSection\":[\"abbigliamento uomo\",\"Meyer\"],\"inLanguage\":\"it-IT\"},{\"@type\":\"WebPage\",\"@id\":\"https:\\\/\\\/www.ginobaudino.it\\\/abbigliamento\\\/jeans-meyer-m5-thermolite\\\/\",\"url\":\"https:\\\/\\\/www.ginobaudino.it\\\/abbigliamento\\\/jeans-meyer-m5-thermolite\\\/\",\"name\":\"Jeans Meyer M5 thermolite a Torino da Gino Baudino\",\"isPartOf\":{\"@id\":\"https:\\\/\\\/www.ginobaudino.it\\\/abbigliamento\\\/#website\"},\"primaryImageOfPage\":{\"@id\":\"https:\\\/\\\/www.ginobaudino.it\\\/abbigliamento\\\/jeans-meyer-m5-thermolite\\\/#primaryimage\"},\"image\":{\"@id\":\"https:\\\/\\\/www.ginobaudino.it\\\/abbigliamento\\\/jeans-meyer-m5-thermolite\\\/#primaryimage\"},\"thumbnailUrl\":\"https:\\\/\\\/www.ginobaudino.it\\\/abbigliamento\\\/wp-content\\\/uploads\\\/2021\\\/10\\\/meyer_hw20_m5-slim-9-6243_18_tasche.jpg\",\"datePublished\":\"2021-10-21T15:48:58+00:00\",\"dateModified\":\"2021-10-21T15:55:47+00:00\",\"author\":{\"@id\":\"https:\\\/\\\/www.ginobaudino.it\\\/abbigliamento\\\/#\\\/schema\\\/person\\\/3bd3dd4899869bd1079b397be8b23749\"},\"description\":\"Gino Baudino \u00e8 rivenditore autorizzato dei pantaloni Meyer dal secolo scorso. Bellissimi i nuovi arrivi anche in denim jeans M5.\",\"breadcrumb\":{\"@id\":\"https:\\\/\\\/www.ginobaudino.it\\\/abbigliamento\\\/jeans-meyer-m5-thermolite\\\/#breadcrumb\"},\"inLanguage\":\"it-IT\",\"potentialAction\":[{\"@type\":\"ReadAction\",\"target\":[\"https:\\\/\\\/www.ginobaudino.it\\\/abbigliamento\\\/jeans-meyer-m5-thermolite\\\/\"]}]},{\"@type\":\"ImageObject\",\"inLanguage\":\"it-IT\",\"@id\":\"https:\\\/\\\/www.ginobaudino.it\\\/abbigliamento\\\/jeans-meyer-m5-thermolite\\\/#primaryimage\",\"url\":\"https:\\\/\\\/www.ginobaudino.it\\\/abbigliamento\\\/wp-content\\\/uploads\\\/2021\\\/10\\\/meyer_hw20_m5-slim-9-6243_18_tasche.jpg\",\"contentUrl\":\"https:\\\/\\\/www.ginobaudino.it\\\/abbigliamento\\\/wp-content\\\/uploads\\\/2021\\\/10\\\/meyer_hw20_m5-slim-9-6243_18_tasche.jpg\",\"width\":1045,\"height\":1200},{\"@type\":\"BreadcrumbList\",\"@id\":\"https:\\\/\\\/www.ginobaudino.it\\\/abbigliamento\\\/jeans-meyer-m5-thermolite\\\/#breadcrumb\",\"itemListElement\":[{\"@type\":\"ListItem\",\"position\":1,\"name\":\"Home\",\"item\":\"https:\\\/\\\/www.ginobaudino.it\\\/abbigliamento\\\/\"},{\"@type\":\"ListItem\",\"position\":2,\"name\":\"Jeans Meyer M5 thermolite\"}]},{\"@type\":\"WebSite\",\"@id\":\"https:\\\/\\\/www.ginobaudino.it\\\/abbigliamento\\\/#website\",\"url\":\"https:\\\/\\\/www.ginobaudino.it\\\/abbigliamento\\\/\",\"name\":\"Abbigliamento Torino\",\"description\":\"Abbigliamento uomo, donna e accessori\",\"potentialAction\":[{\"@type\":\"SearchAction\",\"target\":{\"@type\":\"EntryPoint\",\"urlTemplate\":\"https:\\\/\\\/www.ginobaudino.it\\\/abbigliamento\\\/?s={search_term_string}\"},\"query-input\":{\"@type\":\"PropertyValueSpecification\",\"valueRequired\":true,\"valueName\":\"search_term_string\"}}],\"inLanguage\":\"it-IT\"},{\"@type\":\"Person\",\"@id\":\"https:\\\/\\\/www.ginobaudino.it\\\/abbigliamento\\\/#\\\/schema\\\/person\\\/3bd3dd4899869bd1079b397be8b23749\",\"name\":\"baudino\",\"url\":\"https:\\\/\\\/www.ginobaudino.it\\\/abbigliamento\\\/author\\\/baudino\\\/\"}]}<\/script>\n<!-- \/ Yoast SEO plugin. -->","yoast_head_json":{"title":"Jeans Meyer M5 thermolite a Torino da Gino Baudino","description":"Gino Baudino \u00e8 rivenditore autorizzato dei pantaloni Meyer dal secolo scorso. Bellissimi i nuovi arrivi anche in denim jeans M5.","robots":{"index":"index","follow":"follow","max-snippet":"max-snippet:-1","max-image-preview":"max-image-preview:large","max-video-preview":"max-video-preview:-1"},"canonical":"https:\/\/www.ginobaudino.it\/abbigliamento\/jeans-meyer-m5-thermolite\/","og_locale":"it_IT","og_type":"article","og_title":"Jeans Meyer M5 thermolite a Torino da Gino Baudino","og_description":"Gino Baudino \u00e8 rivenditore autorizzato dei pantaloni Meyer dal secolo scorso. Bellissimi i nuovi arrivi anche in denim jeans M5.","og_url":"https:\/\/www.ginobaudino.it\/abbigliamento\/jeans-meyer-m5-thermolite\/","og_site_name":"Abbigliamento Torino","article_published_time":"2021-10-21T15:48:58+00:00","article_modified_time":"2021-10-21T15:55:47+00:00","og_image":[{"width":1045,"height":1200,"url":"https:\/\/www.ginobaudino.it\/abbigliamento\/wp-content\/uploads\/2021\/10\/meyer_hw20_m5-slim-9-6243_18_tasche.jpg","type":"image\/jpeg"}],"author":"baudino","twitter_card":"summary_large_image","twitter_misc":{"Scritto da":"baudino","Tempo di lettura stimato":"1 minuto"},"schema":{"@context":"https:\/\/schema.org","@graph":[{"@type":"Article","@id":"https:\/\/www.ginobaudino.it\/abbigliamento\/jeans-meyer-m5-thermolite\/#article","isPartOf":{"@id":"https:\/\/www.ginobaudino.it\/abbigliamento\/jeans-meyer-m5-thermolite\/"},"author":{"name":"baudino","@id":"https:\/\/www.ginobaudino.it\/abbigliamento\/#\/schema\/person\/3bd3dd4899869bd1079b397be8b23749"},"headline":"Jeans Meyer M5 thermolite","datePublished":"2021-10-21T15:48:58+00:00","dateModified":"2021-10-21T15:55:47+00:00","mainEntityOfPage":{"@id":"https:\/\/www.ginobaudino.it\/abbigliamento\/jeans-meyer-m5-thermolite\/"},"wordCount":149,"image":{"@id":"https:\/\/www.ginobaudino.it\/abbigliamento\/jeans-meyer-m5-thermolite\/#primaryimage"},"thumbnailUrl":"https:\/\/www.ginobaudino.it\/abbigliamento\/wp-content\/uploads\/2021\/10\/meyer_hw20_m5-slim-9-6243_18_tasche.jpg","keywords":["denim jeans meyer M5","jeans Torino","M5 Meyer Gino Baudino","rivenditori jeans pantaloni meyer torino"],"articleSection":["abbigliamento uomo","Meyer"],"inLanguage":"it-IT"},{"@type":"WebPage","@id":"https:\/\/www.ginobaudino.it\/abbigliamento\/jeans-meyer-m5-thermolite\/","url":"https:\/\/www.ginobaudino.it\/abbigliamento\/jeans-meyer-m5-thermolite\/","name":"Jeans Meyer M5 thermolite a Torino da Gino Baudino","isPartOf":{"@id":"https:\/\/www.ginobaudino.it\/abbigliamento\/#website"},"primaryImageOfPage":{"@id":"https:\/\/www.ginobaudino.it\/abbigliamento\/jeans-meyer-m5-thermolite\/#primaryimage"},"image":{"@id":"https:\/\/www.ginobaudino.it\/abbigliamento\/jeans-meyer-m5-thermolite\/#primaryimage"},"thumbnailUrl":"https:\/\/www.ginobaudino.it\/abbigliamento\/wp-content\/uploads\/2021\/10\/meyer_hw20_m5-slim-9-6243_18_tasche.jpg","datePublished":"2021-10-21T15:48:58+00:00","dateModified":"2021-10-21T15:55:47+00:00","author":{"@id":"https:\/\/www.ginobaudino.it\/abbigliamento\/#\/schema\/person\/3bd3dd4899869bd1079b397be8b23749"},"description":"Gino Baudino \u00e8 rivenditore autorizzato dei pantaloni Meyer dal secolo scorso. Bellissimi i nuovi arrivi anche in denim jeans M5.","breadcrumb":{"@id":"https:\/\/www.ginobaudino.it\/abbigliamento\/jeans-meyer-m5-thermolite\/#breadcrumb"},"inLanguage":"it-IT","potentialAction":[{"@type":"ReadAction","target":["https:\/\/www.ginobaudino.it\/abbigliamento\/jeans-meyer-m5-thermolite\/"]}]},{"@type":"ImageObject","inLanguage":"it-IT","@id":"https:\/\/www.ginobaudino.it\/abbigliamento\/jeans-meyer-m5-thermolite\/#primaryimage","url":"https:\/\/www.ginobaudino.it\/abbigliamento\/wp-content\/uploads\/2021\/10\/meyer_hw20_m5-slim-9-6243_18_tasche.jpg","contentUrl":"https:\/\/www.ginobaudino.it\/abbigliamento\/wp-content\/uploads\/2021\/10\/meyer_hw20_m5-slim-9-6243_18_tasche.jpg","width":1045,"height":1200},{"@type":"BreadcrumbList","@id":"https:\/\/www.ginobaudino.it\/abbigliamento\/jeans-meyer-m5-thermolite\/#breadcrumb","itemListElement":[{"@type":"ListItem","position":1,"name":"Home","item":"https:\/\/www.ginobaudino.it\/abbigliamento\/"},{"@type":"ListItem","position":2,"name":"Jeans Meyer M5 thermolite"}]},{"@type":"WebSite","@id":"https:\/\/www.ginobaudino.it\/abbigliamento\/#website","url":"https:\/\/www.ginobaudino.it\/abbigliamento\/","name":"Abbigliamento Torino","description":"Abbigliamento uomo, donna e accessori","potentialAction":[{"@type":"SearchAction","target":{"@type":"EntryPoint","urlTemplate":"https:\/\/www.ginobaudino.it\/abbigliamento\/?s={search_term_string}"},"query-input":{"@type":"PropertyValueSpecification","valueRequired":true,"valueName":"search_term_string"}}],"inLanguage":"it-IT"},{"@type":"Person","@id":"https:\/\/www.ginobaudino.it\/abbigliamento\/#\/schema\/person\/3bd3dd4899869bd1079b397be8b23749","name":"baudino","url":"https:\/\/www.ginobaudino.it\/abbigliamento\/author\/baudino\/"}]}},"_links":{"self":[{"href":"https:\/\/www.ginobaudino.it\/abbigliamento\/wp-json\/wp\/v2\/posts\/13712","targetHints":{"allow":["GET"]}}],"collection":[{"href":"https:\/\/www.ginobaudino.it\/abbigliamento\/wp-json\/wp\/v2\/posts"}],"about":[{"href":"https:\/\/www.ginobaudino.it\/abbigliamento\/wp-json\/wp\/v2\/types\/post"}],"author":[{"embeddable":true,"href":"https:\/\/www.ginobaudino.it\/abbigliamento\/wp-json\/wp\/v2\/users\/2"}],"replies":[{"embeddable":true,"href":"https:\/\/www.ginobaudino.it\/abbigliamento\/wp-json\/wp\/v2\/comments?post=13712"}],"version-history":[{"count":2,"href":"https:\/\/www.ginobaudino.it\/abbigliamento\/wp-json\/wp\/v2\/posts\/13712\/revisions"}],"predecessor-version":[{"id":13718,"href":"https:\/\/www.ginobaudino.it\/abbigliamento\/wp-json\/wp\/v2\/posts\/13712\/revisions\/13718"}],"wp:featuredmedia":[{"embeddable":true,"href":"https:\/\/www.ginobaudino.it\/abbigliamento\/wp-json\/wp\/v2\/media\/13713"}],"wp:attachment":[{"href":"https:\/\/www.ginobaudino.it\/abbigliamento\/wp-json\/wp\/v2\/media?parent=13712"}],"wp:term":[{"taxonomy":"category","embeddable":true,"href":"https:\/\/www.ginobaudino.it\/abbigliamento\/wp-json\/wp\/v2\/categories?post=13712"},{"taxonomy":"post_tag","embeddable":true,"href":"https:\/\/www.ginobaudino.it\/abbigliamento\/wp-json\/wp\/v2\/tags?post=13712"}],"curies":[{"name":"wp","href":"https:\/\/api.w.org\/{rel}","templated":true}]}}