{"id":12361,"date":"2020-10-09T19:15:01","date_gmt":"2020-10-09T17:15:01","guid":{"rendered":"https:\/\/www.ginobaudino.it\/abbigliamento\/?p=12361"},"modified":"2025-10-18T10:57:41","modified_gmt":"2025-10-18T08:57:41","slug":"il-ritorno-del-tailleur-soprattutto-pantalone-da-gino-baudino-in-zona-crocetta-trovi-le-collezioni-circolo-white-wise-musani-e-kaos","status":"publish","type":"post","link":"https:\/\/www.ginobaudino.it\/abbigliamento\/il-ritorno-del-tailleur-soprattutto-pantalone-da-gino-baudino-in-zona-crocetta-trovi-le-collezioni-circolo-white-wise-musani-e-kaos\/","title":{"rendered":"Il ritorno del tailleur"},"content":{"rendered":"\r\n<p>Il ritorno del tailleur. Anche <a href=\"https:\/\/www.ginobaudino.it\/abbigliamento\/marchi\/abbigliamento-donna\/\">Gino Baudino<\/a> si adegua alle ultime richieste femminili. Per l&#8217;autunno inverno il tailleur pantalone ha davvero una marcia in pi\u00f9. Sia la modellistica sia il tessuto hanno naturalmente grande importanza cui badiamo con grande attenzione. La vestibilit\u00e0 \u00e8 aggiornata ma senza eccessi, strizzando l&#8217;occhio allo stile senza rinunciare al comfort. Di qualit\u00e0 le lane di ispirazione maschile ed anglosassone. Non trascurare <a href=\"https:\/\/www.harpersbazaar.com\/it\/moda\/tendenze\/a68167646\/guanti-pelle-tendenza-autunno-inverno-2025\/\">il ritorno del tailleur<\/a>, un must have di questi mesi, anche, ma non solo, per le esigenze lavorative.<\/p>\r\n\r\n\r\n\r\n<p>Tra le varie proposte segnaliamo le collezioni Marella,\u00a0 <a href=\"https:\/\/www.ginobaudino.it\/abbigliamento\/kaos-nuova-collezione\/\" target=\"_blank\" rel=\"noreferrer noopener\" aria-label=\"Kaos (apre in una nuova scheda)\">Kaos<\/a>, Alessia Santi, Adele, White Wise e Musani, quest&#8217;ultima particolarmente indicata per le cerimonie. Per le lauree siamo in grado di farti indossare sia completi smart, fatti in Italia ma sotto i 250.00 euro, sia altri di maggior ricercatezza stilistica.<\/p>\r\n\r\n\r\n\r\n<p>Vieni a provare i <a href=\"https:\/\/it.wikipedia.org\/wiki\/Tailleur\">nuovi tailleur<\/a> in via Pigafetta 49\/G a Torino. Qui <a href=\"https:\/\/www.ginobaudino.it\/abbigliamento\/pages\/chi-siamo\/\">Gino Baudino<\/a> da 70 anni propone qualit\u00e0.<\/p>\r\n\r\n\r\n\r\n<figure class=\"wp-block-image\"><img loading=\"lazy\" decoding=\"async\" class=\"aligncenter size-large wp-image-15405\" src=\"https:\/\/www.ginobaudino.it\/abbigliamento\/wp-content\/uploads\/2020\/10\/shutterstock-tailleur-con-logo-1024x683.jpg\" alt=\"\" width=\"900\" height=\"600\" srcset=\"https:\/\/www.ginobaudino.it\/abbigliamento\/wp-content\/uploads\/2020\/10\/shutterstock-tailleur-con-logo-1024x683.jpg 1024w, https:\/\/www.ginobaudino.it\/abbigliamento\/wp-content\/uploads\/2020\/10\/shutterstock-tailleur-con-logo-300x200.jpg 300w, https:\/\/www.ginobaudino.it\/abbigliamento\/wp-content\/uploads\/2020\/10\/shutterstock-tailleur-con-logo-768x512.jpg 768w, https:\/\/www.ginobaudino.it\/abbigliamento\/wp-content\/uploads\/2020\/10\/shutterstock-tailleur-con-logo-1536x1024.jpg 1536w, https:\/\/www.ginobaudino.it\/abbigliamento\/wp-content\/uploads\/2020\/10\/shutterstock-tailleur-con-logo-2048x1365.jpg 2048w, https:\/\/www.ginobaudino.it\/abbigliamento\/wp-content\/uploads\/2020\/10\/shutterstock-tailleur-con-logo-700x467.jpg 700w\" sizes=\"auto, (max-width: 900px) 100vw, 900px\" \/><\/figure>\r\n<figure class=\"wp-block-image\"><img loading=\"lazy\" decoding=\"async\" class=\"aligncenter size-large wp-image-15406\" src=\"https:\/\/www.ginobaudino.it\/abbigliamento\/wp-content\/uploads\/2020\/10\/5L7A2362-768x1024.jpg\" alt=\"\" width=\"768\" height=\"1024\" srcset=\"https:\/\/www.ginobaudino.it\/abbigliamento\/wp-content\/uploads\/2020\/10\/5L7A2362-768x1024.jpg 768w, https:\/\/www.ginobaudino.it\/abbigliamento\/wp-content\/uploads\/2020\/10\/5L7A2362-225x300.jpg 225w, https:\/\/www.ginobaudino.it\/abbigliamento\/wp-content\/uploads\/2020\/10\/5L7A2362-1152x1536.jpg 1152w, https:\/\/www.ginobaudino.it\/abbigliamento\/wp-content\/uploads\/2020\/10\/5L7A2362-700x933.jpg 700w, https:\/\/www.ginobaudino.it\/abbigliamento\/wp-content\/uploads\/2020\/10\/5L7A2362.jpg 1440w\" sizes=\"auto, (max-width: 768px) 100vw, 768px\" \/><\/figure>\r\n<figure class=\"wp-block-image\"><img loading=\"lazy\" decoding=\"async\" class=\"aligncenter size-full wp-image-15363\" src=\"https:\/\/www.ginobaudino.it\/abbigliamento\/wp-content\/uploads\/2023\/10\/CIRCOLO_ECOMM_FW233548-600x800-1.jpg\" alt=\"\" width=\"600\" height=\"800\" srcset=\"https:\/\/www.ginobaudino.it\/abbigliamento\/wp-content\/uploads\/2023\/10\/CIRCOLO_ECOMM_FW233548-600x800-1.jpg 600w, https:\/\/www.ginobaudino.it\/abbigliamento\/wp-content\/uploads\/2023\/10\/CIRCOLO_ECOMM_FW233548-600x800-1-225x300.jpg 225w\" sizes=\"auto, (max-width: 600px) 100vw, 600px\" \/><img loading=\"lazy\" decoding=\"async\" width=\"777\" height=\"1024\" class=\"wp-image-12362 aligncenter\" src=\"https:\/\/www.ginobaudino.it\/abbigliamento\/wp-content\/uploads\/2020\/10\/tailleur-eolo-maxmara-weekend-gino-baudino-777x1024.jpg\" alt=\"\" srcset=\"https:\/\/www.ginobaudino.it\/abbigliamento\/wp-content\/uploads\/2020\/10\/tailleur-eolo-maxmara-weekend-gino-baudino-777x1024.jpg 777w, https:\/\/www.ginobaudino.it\/abbigliamento\/wp-content\/uploads\/2020\/10\/tailleur-eolo-maxmara-weekend-gino-baudino-228x300.jpg 228w, https:\/\/www.ginobaudino.it\/abbigliamento\/wp-content\/uploads\/2020\/10\/tailleur-eolo-maxmara-weekend-gino-baudino-768x1012.jpg 768w, https:\/\/www.ginobaudino.it\/abbigliamento\/wp-content\/uploads\/2020\/10\/tailleur-eolo-maxmara-weekend-gino-baudino-700x922.jpg 700w, https:\/\/www.ginobaudino.it\/abbigliamento\/wp-content\/uploads\/2020\/10\/tailleur-eolo-maxmara-weekend-gino-baudino.jpg 1366w\" sizes=\"auto, (max-width: 777px) 100vw, 777px\" \/><\/figure>\r\n","protected":false},"excerpt":{"rendered":"<p>Il ritorno del tailleur. Anche Gino Baudino si adegua alle ultime richieste femminili. Per l&#8217;autunno inverno il tailleur pantalone ha davvero una marcia in pi\u00f9. Sia la modellistica sia il tessuto hanno naturalmente grande importanza cui badiamo con grande attenzione. La vestibilit\u00e0 \u00e8 aggiornata ma senza eccessi, strizzando l&#8217;occhio allo stile senza rinunciare al comfort. [&hellip;]<\/p>\n","protected":false},"author":2,"featured_media":15407,"comment_status":"closed","ping_status":"open","sticky":false,"template":"","format":"standard","meta":{"footnotes":""},"categories":[70,2795],"tags":[3121,3118,3119,2995,3120,2139,2138],"class_list":["post-12361","post","type-post","status-publish","format-standard","has-post-thumbnail","hentry","category-abbigliamento-donna","category-circolo","tag-abiti-completi-donna-laurea","tag-completi-donna-circolo-torino","tag-completi-musani","tag-tailleur-donna-torino","tag-tailleur-e-completi-donna-kaos-torino","tag-tailleur-max-mara-torino","tag-tailleur-pantaloni-torino"],"yoast_head":"<!-- This site is optimized with the Yoast SEO plugin v27.4 - https:\/\/yoast.com\/product\/yoast-seo-wordpress\/ -->\n<title>Il ritorno del tailleur, soprattutto pantalone. Da Gino Baudino<\/title>\n<meta name=\"description\" content=\"Il ritorno del tailleur, soprattutto pantalone. Da Gino Baudino trovi Marella, Alessia Santi, Circolo, Adele e Musani.\" \/>\n<meta name=\"robots\" content=\"index, follow, max-snippet:-1, max-image-preview:large, max-video-preview:-1\" \/>\n<link rel=\"canonical\" href=\"https:\/\/www.ginobaudino.it\/abbigliamento\/il-ritorno-del-tailleur-soprattutto-pantalone-da-gino-baudino-in-zona-crocetta-trovi-le-collezioni-circolo-white-wise-musani-e-kaos\/\" \/>\n<meta property=\"og:locale\" content=\"it_IT\" \/>\n<meta property=\"og:type\" content=\"article\" \/>\n<meta property=\"og:title\" content=\"Il ritorno del tailleur, soprattutto pantalone. Da Gino Baudino\" \/>\n<meta property=\"og:description\" content=\"Il ritorno del tailleur, soprattutto pantalone. Da Gino Baudino trovi Marella, Alessia Santi, Circolo, Adele e Musani.\" \/>\n<meta property=\"og:url\" content=\"https:\/\/www.ginobaudino.it\/abbigliamento\/il-ritorno-del-tailleur-soprattutto-pantalone-da-gino-baudino-in-zona-crocetta-trovi-le-collezioni-circolo-white-wise-musani-e-kaos\/\" \/>\n<meta property=\"og:site_name\" content=\"Abbigliamento Torino\" \/>\n<meta property=\"article:published_time\" content=\"2020-10-09T17:15:01+00:00\" \/>\n<meta property=\"article:modified_time\" content=\"2025-10-18T08:57:41+00:00\" \/>\n<meta property=\"og:image\" content=\"https:\/\/www.ginobaudino.it\/abbigliamento\/wp-content\/uploads\/2020\/10\/IMG_7258-600x800-1.jpg\" \/>\n\t<meta property=\"og:image:width\" content=\"600\" \/>\n\t<meta property=\"og:image:height\" content=\"800\" \/>\n\t<meta property=\"og:image:type\" content=\"image\/jpeg\" \/>\n<meta name=\"author\" content=\"baudino\" \/>\n<meta name=\"twitter:card\" content=\"summary_large_image\" \/>\n<meta name=\"twitter:label1\" content=\"Scritto da\" \/>\n\t<meta name=\"twitter:data1\" content=\"baudino\" \/>\n\t<meta name=\"twitter:label2\" content=\"Tempo di lettura stimato\" \/>\n\t<meta name=\"twitter:data2\" content=\"2 minuti\" \/>\n<script type=\"application\/ld+json\" class=\"yoast-schema-graph\">{\"@context\":\"https:\\\/\\\/schema.org\",\"@graph\":[{\"@type\":\"Article\",\"@id\":\"https:\\\/\\\/www.ginobaudino.it\\\/abbigliamento\\\/il-ritorno-del-tailleur-soprattutto-pantalone-da-gino-baudino-in-zona-crocetta-trovi-le-collezioni-circolo-white-wise-musani-e-kaos\\\/#article\",\"isPartOf\":{\"@id\":\"https:\\\/\\\/www.ginobaudino.it\\\/abbigliamento\\\/il-ritorno-del-tailleur-soprattutto-pantalone-da-gino-baudino-in-zona-crocetta-trovi-le-collezioni-circolo-white-wise-musani-e-kaos\\\/\"},\"author\":{\"name\":\"baudino\",\"@id\":\"https:\\\/\\\/www.ginobaudino.it\\\/abbigliamento\\\/#\\\/schema\\\/person\\\/3bd3dd4899869bd1079b397be8b23749\"},\"headline\":\"Il ritorno del tailleur\",\"datePublished\":\"2020-10-09T17:15:01+00:00\",\"dateModified\":\"2025-10-18T08:57:41+00:00\",\"mainEntityOfPage\":{\"@id\":\"https:\\\/\\\/www.ginobaudino.it\\\/abbigliamento\\\/il-ritorno-del-tailleur-soprattutto-pantalone-da-gino-baudino-in-zona-crocetta-trovi-le-collezioni-circolo-white-wise-musani-e-kaos\\\/\"},\"wordCount\":156,\"image\":{\"@id\":\"https:\\\/\\\/www.ginobaudino.it\\\/abbigliamento\\\/il-ritorno-del-tailleur-soprattutto-pantalone-da-gino-baudino-in-zona-crocetta-trovi-le-collezioni-circolo-white-wise-musani-e-kaos\\\/#primaryimage\"},\"thumbnailUrl\":\"https:\\\/\\\/www.ginobaudino.it\\\/abbigliamento\\\/wp-content\\\/uploads\\\/2020\\\/10\\\/IMG_7258-600x800-1.jpg\",\"keywords\":[\"abiti completi donna laurea\",\"completi donna circolo torino\",\"completi musani\",\"tailleur donna torino\",\"tailleur e completi donna kaos torino\",\"tailleur max mara torino\",\"tailleur pantaloni torino\"],\"articleSection\":[\"abbigliamento donna\",\"Circolo1901\"],\"inLanguage\":\"it-IT\"},{\"@type\":\"WebPage\",\"@id\":\"https:\\\/\\\/www.ginobaudino.it\\\/abbigliamento\\\/il-ritorno-del-tailleur-soprattutto-pantalone-da-gino-baudino-in-zona-crocetta-trovi-le-collezioni-circolo-white-wise-musani-e-kaos\\\/\",\"url\":\"https:\\\/\\\/www.ginobaudino.it\\\/abbigliamento\\\/il-ritorno-del-tailleur-soprattutto-pantalone-da-gino-baudino-in-zona-crocetta-trovi-le-collezioni-circolo-white-wise-musani-e-kaos\\\/\",\"name\":\"Il ritorno del tailleur, soprattutto pantalone. Da Gino Baudino\",\"isPartOf\":{\"@id\":\"https:\\\/\\\/www.ginobaudino.it\\\/abbigliamento\\\/#website\"},\"primaryImageOfPage\":{\"@id\":\"https:\\\/\\\/www.ginobaudino.it\\\/abbigliamento\\\/il-ritorno-del-tailleur-soprattutto-pantalone-da-gino-baudino-in-zona-crocetta-trovi-le-collezioni-circolo-white-wise-musani-e-kaos\\\/#primaryimage\"},\"image\":{\"@id\":\"https:\\\/\\\/www.ginobaudino.it\\\/abbigliamento\\\/il-ritorno-del-tailleur-soprattutto-pantalone-da-gino-baudino-in-zona-crocetta-trovi-le-collezioni-circolo-white-wise-musani-e-kaos\\\/#primaryimage\"},\"thumbnailUrl\":\"https:\\\/\\\/www.ginobaudino.it\\\/abbigliamento\\\/wp-content\\\/uploads\\\/2020\\\/10\\\/IMG_7258-600x800-1.jpg\",\"datePublished\":\"2020-10-09T17:15:01+00:00\",\"dateModified\":\"2025-10-18T08:57:41+00:00\",\"author\":{\"@id\":\"https:\\\/\\\/www.ginobaudino.it\\\/abbigliamento\\\/#\\\/schema\\\/person\\\/3bd3dd4899869bd1079b397be8b23749\"},\"description\":\"Il ritorno del tailleur, soprattutto pantalone. Da Gino Baudino trovi Marella, Alessia Santi, Circolo, Adele e Musani.\",\"breadcrumb\":{\"@id\":\"https:\\\/\\\/www.ginobaudino.it\\\/abbigliamento\\\/il-ritorno-del-tailleur-soprattutto-pantalone-da-gino-baudino-in-zona-crocetta-trovi-le-collezioni-circolo-white-wise-musani-e-kaos\\\/#breadcrumb\"},\"inLanguage\":\"it-IT\",\"potentialAction\":[{\"@type\":\"ReadAction\",\"target\":[\"https:\\\/\\\/www.ginobaudino.it\\\/abbigliamento\\\/il-ritorno-del-tailleur-soprattutto-pantalone-da-gino-baudino-in-zona-crocetta-trovi-le-collezioni-circolo-white-wise-musani-e-kaos\\\/\"]}]},{\"@type\":\"ImageObject\",\"inLanguage\":\"it-IT\",\"@id\":\"https:\\\/\\\/www.ginobaudino.it\\\/abbigliamento\\\/il-ritorno-del-tailleur-soprattutto-pantalone-da-gino-baudino-in-zona-crocetta-trovi-le-collezioni-circolo-white-wise-musani-e-kaos\\\/#primaryimage\",\"url\":\"https:\\\/\\\/www.ginobaudino.it\\\/abbigliamento\\\/wp-content\\\/uploads\\\/2020\\\/10\\\/IMG_7258-600x800-1.jpg\",\"contentUrl\":\"https:\\\/\\\/www.ginobaudino.it\\\/abbigliamento\\\/wp-content\\\/uploads\\\/2020\\\/10\\\/IMG_7258-600x800-1.jpg\",\"width\":600,\"height\":800},{\"@type\":\"BreadcrumbList\",\"@id\":\"https:\\\/\\\/www.ginobaudino.it\\\/abbigliamento\\\/il-ritorno-del-tailleur-soprattutto-pantalone-da-gino-baudino-in-zona-crocetta-trovi-le-collezioni-circolo-white-wise-musani-e-kaos\\\/#breadcrumb\",\"itemListElement\":[{\"@type\":\"ListItem\",\"position\":1,\"name\":\"Home\",\"item\":\"https:\\\/\\\/www.ginobaudino.it\\\/abbigliamento\\\/\"},{\"@type\":\"ListItem\",\"position\":2,\"name\":\"Il ritorno del tailleur\"}]},{\"@type\":\"WebSite\",\"@id\":\"https:\\\/\\\/www.ginobaudino.it\\\/abbigliamento\\\/#website\",\"url\":\"https:\\\/\\\/www.ginobaudino.it\\\/abbigliamento\\\/\",\"name\":\"Abbigliamento Torino\",\"description\":\"Abbigliamento uomo, donna e accessori\",\"potentialAction\":[{\"@type\":\"SearchAction\",\"target\":{\"@type\":\"EntryPoint\",\"urlTemplate\":\"https:\\\/\\\/www.ginobaudino.it\\\/abbigliamento\\\/?s={search_term_string}\"},\"query-input\":{\"@type\":\"PropertyValueSpecification\",\"valueRequired\":true,\"valueName\":\"search_term_string\"}}],\"inLanguage\":\"it-IT\"},{\"@type\":\"Person\",\"@id\":\"https:\\\/\\\/www.ginobaudino.it\\\/abbigliamento\\\/#\\\/schema\\\/person\\\/3bd3dd4899869bd1079b397be8b23749\",\"name\":\"baudino\",\"url\":\"https:\\\/\\\/www.ginobaudino.it\\\/abbigliamento\\\/author\\\/baudino\\\/\"}]}<\/script>\n<!-- \/ Yoast SEO plugin. -->","yoast_head_json":{"title":"Il ritorno del tailleur, soprattutto pantalone. Da Gino Baudino","description":"Il ritorno del tailleur, soprattutto pantalone. Da Gino Baudino trovi Marella, Alessia Santi, Circolo, Adele e Musani.","robots":{"index":"index","follow":"follow","max-snippet":"max-snippet:-1","max-image-preview":"max-image-preview:large","max-video-preview":"max-video-preview:-1"},"canonical":"https:\/\/www.ginobaudino.it\/abbigliamento\/il-ritorno-del-tailleur-soprattutto-pantalone-da-gino-baudino-in-zona-crocetta-trovi-le-collezioni-circolo-white-wise-musani-e-kaos\/","og_locale":"it_IT","og_type":"article","og_title":"Il ritorno del tailleur, soprattutto pantalone. Da Gino Baudino","og_description":"Il ritorno del tailleur, soprattutto pantalone. Da Gino Baudino trovi Marella, Alessia Santi, Circolo, Adele e Musani.","og_url":"https:\/\/www.ginobaudino.it\/abbigliamento\/il-ritorno-del-tailleur-soprattutto-pantalone-da-gino-baudino-in-zona-crocetta-trovi-le-collezioni-circolo-white-wise-musani-e-kaos\/","og_site_name":"Abbigliamento Torino","article_published_time":"2020-10-09T17:15:01+00:00","article_modified_time":"2025-10-18T08:57:41+00:00","og_image":[{"width":600,"height":800,"url":"https:\/\/www.ginobaudino.it\/abbigliamento\/wp-content\/uploads\/2020\/10\/IMG_7258-600x800-1.jpg","type":"image\/jpeg"}],"author":"baudino","twitter_card":"summary_large_image","twitter_misc":{"Scritto da":"baudino","Tempo di lettura stimato":"2 minuti"},"schema":{"@context":"https:\/\/schema.org","@graph":[{"@type":"Article","@id":"https:\/\/www.ginobaudino.it\/abbigliamento\/il-ritorno-del-tailleur-soprattutto-pantalone-da-gino-baudino-in-zona-crocetta-trovi-le-collezioni-circolo-white-wise-musani-e-kaos\/#article","isPartOf":{"@id":"https:\/\/www.ginobaudino.it\/abbigliamento\/il-ritorno-del-tailleur-soprattutto-pantalone-da-gino-baudino-in-zona-crocetta-trovi-le-collezioni-circolo-white-wise-musani-e-kaos\/"},"author":{"name":"baudino","@id":"https:\/\/www.ginobaudino.it\/abbigliamento\/#\/schema\/person\/3bd3dd4899869bd1079b397be8b23749"},"headline":"Il ritorno del tailleur","datePublished":"2020-10-09T17:15:01+00:00","dateModified":"2025-10-18T08:57:41+00:00","mainEntityOfPage":{"@id":"https:\/\/www.ginobaudino.it\/abbigliamento\/il-ritorno-del-tailleur-soprattutto-pantalone-da-gino-baudino-in-zona-crocetta-trovi-le-collezioni-circolo-white-wise-musani-e-kaos\/"},"wordCount":156,"image":{"@id":"https:\/\/www.ginobaudino.it\/abbigliamento\/il-ritorno-del-tailleur-soprattutto-pantalone-da-gino-baudino-in-zona-crocetta-trovi-le-collezioni-circolo-white-wise-musani-e-kaos\/#primaryimage"},"thumbnailUrl":"https:\/\/www.ginobaudino.it\/abbigliamento\/wp-content\/uploads\/2020\/10\/IMG_7258-600x800-1.jpg","keywords":["abiti completi donna laurea","completi donna circolo torino","completi musani","tailleur donna torino","tailleur e completi donna kaos torino","tailleur max mara torino","tailleur pantaloni torino"],"articleSection":["abbigliamento donna","Circolo1901"],"inLanguage":"it-IT"},{"@type":"WebPage","@id":"https:\/\/www.ginobaudino.it\/abbigliamento\/il-ritorno-del-tailleur-soprattutto-pantalone-da-gino-baudino-in-zona-crocetta-trovi-le-collezioni-circolo-white-wise-musani-e-kaos\/","url":"https:\/\/www.ginobaudino.it\/abbigliamento\/il-ritorno-del-tailleur-soprattutto-pantalone-da-gino-baudino-in-zona-crocetta-trovi-le-collezioni-circolo-white-wise-musani-e-kaos\/","name":"Il ritorno del tailleur, soprattutto pantalone. Da Gino Baudino","isPartOf":{"@id":"https:\/\/www.ginobaudino.it\/abbigliamento\/#website"},"primaryImageOfPage":{"@id":"https:\/\/www.ginobaudino.it\/abbigliamento\/il-ritorno-del-tailleur-soprattutto-pantalone-da-gino-baudino-in-zona-crocetta-trovi-le-collezioni-circolo-white-wise-musani-e-kaos\/#primaryimage"},"image":{"@id":"https:\/\/www.ginobaudino.it\/abbigliamento\/il-ritorno-del-tailleur-soprattutto-pantalone-da-gino-baudino-in-zona-crocetta-trovi-le-collezioni-circolo-white-wise-musani-e-kaos\/#primaryimage"},"thumbnailUrl":"https:\/\/www.ginobaudino.it\/abbigliamento\/wp-content\/uploads\/2020\/10\/IMG_7258-600x800-1.jpg","datePublished":"2020-10-09T17:15:01+00:00","dateModified":"2025-10-18T08:57:41+00:00","author":{"@id":"https:\/\/www.ginobaudino.it\/abbigliamento\/#\/schema\/person\/3bd3dd4899869bd1079b397be8b23749"},"description":"Il ritorno del tailleur, soprattutto pantalone. Da Gino Baudino trovi Marella, Alessia Santi, Circolo, Adele e Musani.","breadcrumb":{"@id":"https:\/\/www.ginobaudino.it\/abbigliamento\/il-ritorno-del-tailleur-soprattutto-pantalone-da-gino-baudino-in-zona-crocetta-trovi-le-collezioni-circolo-white-wise-musani-e-kaos\/#breadcrumb"},"inLanguage":"it-IT","potentialAction":[{"@type":"ReadAction","target":["https:\/\/www.ginobaudino.it\/abbigliamento\/il-ritorno-del-tailleur-soprattutto-pantalone-da-gino-baudino-in-zona-crocetta-trovi-le-collezioni-circolo-white-wise-musani-e-kaos\/"]}]},{"@type":"ImageObject","inLanguage":"it-IT","@id":"https:\/\/www.ginobaudino.it\/abbigliamento\/il-ritorno-del-tailleur-soprattutto-pantalone-da-gino-baudino-in-zona-crocetta-trovi-le-collezioni-circolo-white-wise-musani-e-kaos\/#primaryimage","url":"https:\/\/www.ginobaudino.it\/abbigliamento\/wp-content\/uploads\/2020\/10\/IMG_7258-600x800-1.jpg","contentUrl":"https:\/\/www.ginobaudino.it\/abbigliamento\/wp-content\/uploads\/2020\/10\/IMG_7258-600x800-1.jpg","width":600,"height":800},{"@type":"BreadcrumbList","@id":"https:\/\/www.ginobaudino.it\/abbigliamento\/il-ritorno-del-tailleur-soprattutto-pantalone-da-gino-baudino-in-zona-crocetta-trovi-le-collezioni-circolo-white-wise-musani-e-kaos\/#breadcrumb","itemListElement":[{"@type":"ListItem","position":1,"name":"Home","item":"https:\/\/www.ginobaudino.it\/abbigliamento\/"},{"@type":"ListItem","position":2,"name":"Il ritorno del tailleur"}]},{"@type":"WebSite","@id":"https:\/\/www.ginobaudino.it\/abbigliamento\/#website","url":"https:\/\/www.ginobaudino.it\/abbigliamento\/","name":"Abbigliamento Torino","description":"Abbigliamento uomo, donna e accessori","potentialAction":[{"@type":"SearchAction","target":{"@type":"EntryPoint","urlTemplate":"https:\/\/www.ginobaudino.it\/abbigliamento\/?s={search_term_string}"},"query-input":{"@type":"PropertyValueSpecification","valueRequired":true,"valueName":"search_term_string"}}],"inLanguage":"it-IT"},{"@type":"Person","@id":"https:\/\/www.ginobaudino.it\/abbigliamento\/#\/schema\/person\/3bd3dd4899869bd1079b397be8b23749","name":"baudino","url":"https:\/\/www.ginobaudino.it\/abbigliamento\/author\/baudino\/"}]}},"_links":{"self":[{"href":"https:\/\/www.ginobaudino.it\/abbigliamento\/wp-json\/wp\/v2\/posts\/12361","targetHints":{"allow":["GET"]}}],"collection":[{"href":"https:\/\/www.ginobaudino.it\/abbigliamento\/wp-json\/wp\/v2\/posts"}],"about":[{"href":"https:\/\/www.ginobaudino.it\/abbigliamento\/wp-json\/wp\/v2\/types\/post"}],"author":[{"embeddable":true,"href":"https:\/\/www.ginobaudino.it\/abbigliamento\/wp-json\/wp\/v2\/users\/2"}],"replies":[{"embeddable":true,"href":"https:\/\/www.ginobaudino.it\/abbigliamento\/wp-json\/wp\/v2\/comments?post=12361"}],"version-history":[{"count":6,"href":"https:\/\/www.ginobaudino.it\/abbigliamento\/wp-json\/wp\/v2\/posts\/12361\/revisions"}],"predecessor-version":[{"id":16907,"href":"https:\/\/www.ginobaudino.it\/abbigliamento\/wp-json\/wp\/v2\/posts\/12361\/revisions\/16907"}],"wp:featuredmedia":[{"embeddable":true,"href":"https:\/\/www.ginobaudino.it\/abbigliamento\/wp-json\/wp\/v2\/media\/15407"}],"wp:attachment":[{"href":"https:\/\/www.ginobaudino.it\/abbigliamento\/wp-json\/wp\/v2\/media?parent=12361"}],"wp:term":[{"taxonomy":"category","embeddable":true,"href":"https:\/\/www.ginobaudino.it\/abbigliamento\/wp-json\/wp\/v2\/categories?post=12361"},{"taxonomy":"post_tag","embeddable":true,"href":"https:\/\/www.ginobaudino.it\/abbigliamento\/wp-json\/wp\/v2\/tags?post=12361"}],"curies":[{"name":"wp","href":"https:\/\/api.w.org\/{rel}","templated":true}]}}